{"id":115106,"date":"2016-10-18T08:52:34","date_gmt":"2016-10-18T11:52:34","guid":{"rendered":"https:\/\/mspontocom.com.br\/site\/?p=115106"},"modified":"2016-10-18T08:20:41","modified_gmt":"2016-10-18T11:20:41","slug":"indulto-de-natal-barroso-extingue-pena-de-jose-dirceu","status":"publish","type":"post","link":"http:\/\/mspontocom.com.br\/site\/indulto-de-natal-barroso-extingue-pena-de-jose-dirceu\/","title":{"rendered":"Indulto de Natal: Barroso extingue pena de Jos\u00e9 Dirceu"},"content":{"rendered":"<p style=\"text-align: justify;\"><a href=\"https:\/\/mspontocom.com.br\/site\/wp-content\/uploads\/2016\/10\/papainoel.jpg\"><img loading=\"lazy\" class=\"alignleft size-medium wp-image-115107\" alt=\"papainoel\" src=\"https:\/\/mspontocom.com.br\/site\/wp-content\/uploads\/2016\/10\/papainoel-260x208.jpg\" width=\"260\" height=\"208\" srcset=\"http:\/\/mspontocom.com.br\/site\/wp-content\/uploads\/2016\/10\/papainoel-260x208.jpg 260w, http:\/\/mspontocom.com.br\/site\/wp-content\/uploads\/2016\/10\/papainoel.jpg 800w\" sizes=\"(max-width: 260px) 100vw, 260px\" \/><\/a>O ministro do Supremo Tribunal Federal (STF) <strong>Lu\u00eds Roberto Barroso<\/strong> decidiu nesta segunda (17) perdoar a pena de 7 anos e 11 meses de pris\u00e3o de <strong>Jos\u00e9 Dirceu,<\/strong> ex-ministro da Casa Civil do governo <strong>Lula. <\/strong><\/p>\n<p style=\"text-align: justify;\">Barroso, relator das execu\u00e7\u00f5es penais ligadas ao mensal\u00e3o, acatou o pedido da defesa do mensaleiro de reconsiderar o <strong>indulto natalino<\/strong> concedido via decreto editado pela ex-presidente cassada<strong> Dilma Rousseff<\/strong> no final de 2015.<\/p>\n<p style=\"text-align: justify;\">No parecer do procurador-geral da Rep\u00fablica,<strong> Rodrigo Janot,<\/strong> houve falta grave durante o per\u00edodo em que cumpria a pena, tanto que foi preso e condenado pelo juiz federal <strong>S\u00e9rgio Moro<\/strong> a 20 anos e 10 meses, no \u00e2mbito da Lava Jato, mas Dirceu se beneficiou de uma brecha na lei.<\/p>\n<p>&nbsp;<\/p>\n","protected":false},"excerpt":{"rendered":"<p>O ministro do Supremo Tribunal Federal (STF) Lu\u00eds Roberto Barroso decidiu nesta segunda (17) perdoar a pena de 7 anos e 11 meses de pris\u00e3o de Jos\u00e9 Dirceu, ex-ministro da Casa Civil do governo Lula. Barroso, relator das execu\u00e7\u00f5es penais ligadas ao mensal\u00e3o, acatou o pedido da defesa do mensaleiro de reconsiderar o indulto natalino [&hellip;]<\/p>\n","protected":false},"author":2,"featured_media":115107,"comment_status":"open","ping_status":"open","sticky":false,"template":"","format":"standard","meta":{"_monsterinsights_skip_tracking":false,"_monsterinsights_sitenote_active":false,"_monsterinsights_sitenote_note":"","_monsterinsights_sitenote_category":0},"categories":[6,2528,12],"tags":[30254,1978,27686,24505,24502,3345,1350,12029,480,4343,6587,25121,154,20251,20193],"aioseo_notices":[],"_links":{"self":[{"href":"http:\/\/mspontocom.com.br\/site\/wp-json\/wp\/v2\/posts\/115106"}],"collection":[{"href":"http:\/\/mspontocom.com.br\/site\/wp-json\/wp\/v2\/posts"}],"about":[{"href":"http:\/\/mspontocom.com.br\/site\/wp-json\/wp\/v2\/types\/post"}],"author":[{"embeddable":true,"href":"http:\/\/mspontocom.com.br\/site\/wp-json\/wp\/v2\/users\/2"}],"replies":[{"embeddable":true,"href":"http:\/\/mspontocom.com.br\/site\/wp-json\/wp\/v2\/comments?post=115106"}],"version-history":[{"count":0,"href":"http:\/\/mspontocom.com.br\/site\/wp-json\/wp\/v2\/posts\/115106\/revisions"}],"wp:featuredmedia":[{"embeddable":true,"href":"http:\/\/mspontocom.com.br\/site\/wp-json\/wp\/v2\/media\/115107"}],"wp:attachment":[{"href":"http:\/\/mspontocom.com.br\/site\/wp-json\/wp\/v2\/media?parent=115106"}],"wp:term":[{"taxonomy":"category","embeddable":true,"href":"http:\/\/mspontocom.com.br\/site\/wp-json\/wp\/v2\/categories?post=115106"},{"taxonomy":"post_tag","embeddable":true,"href":"http:\/\/mspontocom.com.br\/site\/wp-json\/wp\/v2\/tags?post=115106"}],"curies":[{"name":"wp","href":"https:\/\/api.w.org\/{rel}","templated":true}]}}