{"id":115123,"date":"2016-10-18T14:50:58","date_gmt":"2016-10-18T17:50:58","guid":{"rendered":"https:\/\/mspontocom.com.br\/site\/?p=115123"},"modified":"2016-10-18T14:50:58","modified_gmt":"2016-10-18T17:50:58","slug":"delegado-da-lava-jato-propoe-fundo-nacional-anti-corrupcao","status":"publish","type":"post","link":"http:\/\/mspontocom.com.br\/site\/delegado-da-lava-jato-propoe-fundo-nacional-anti-corrupcao\/","title":{"rendered":"Delegado da Lava Jato prop\u00f5e Fundo Nacional Anti-Corrup\u00e7\u00e3o"},"content":{"rendered":"<p style=\"text-align: justify;\"><a href=\"https:\/\/mspontocom.com.br\/site\/wp-content\/uploads\/2016\/10\/PF.jpg\"><img loading=\"lazy\" class=\"alignleft size-medium wp-image-115124\" alt=\"pf\" src=\"https:\/\/mspontocom.com.br\/site\/wp-content\/uploads\/2016\/10\/PF-260x179.jpg\" width=\"260\" height=\"179\" srcset=\"http:\/\/mspontocom.com.br\/site\/wp-content\/uploads\/2016\/10\/PF-260x179.jpg 260w, http:\/\/mspontocom.com.br\/site\/wp-content\/uploads\/2016\/10\/PF.jpg 350w\" sizes=\"(max-width: 260px) 100vw, 260px\" \/><\/a>O delegado da Pol\u00edcia Federal <strong>M\u00e1rcio Adriano Anselmo<\/strong>, integrante da for\u00e7a tarefa da Lava Jato, prop\u00f4s um <strong>Fundo Nacional de Combate \u00e0 Corrup\u00e7\u00e3o,<\/strong> nos moldes do Fundo Nacional Antidrogas, do Minist\u00e9rio da Justi\u00e7a.<\/p>\n<p style=\"text-align: justify;\">De acordo com o delegado, \u00a0o fundo seria gerido pelo valor recuperado da corrup\u00e7\u00e3o, como desvio e lavagem de dinheiro.<\/p>\n<p style=\"text-align: justify;\">A declara\u00e7\u00e3o de M\u00e1rcio Anselmo foi durante a comiss\u00e3o que analisa medidas contra corrup\u00e7\u00e3o, na C\u00e2mara dos Deputados, nesta ter\u00e7a-feira (18).<\/p>\n<p style=\"text-align: justify;\">Na sess\u00e3o, o delegado disse que o projeto apresentado pelo Minist\u00e9rio P\u00fablico Federal trata muito mais do que medidas. &#8220;Eu fui um dos primeiros a assinar essa campanha. S\u00e3o medidas fundamentais&#8221;, comentou.<\/p>\n<p style=\"text-align: justify;\">\n<p>&nbsp;<\/p>\n","protected":false},"excerpt":{"rendered":"<p>O delegado da Pol\u00edcia Federal M\u00e1rcio Adriano Anselmo, integrante da for\u00e7a tarefa da Lava Jato, prop\u00f4s um Fundo Nacional de Combate \u00e0 Corrup\u00e7\u00e3o, nos moldes do Fundo Nacional Antidrogas, do Minist\u00e9rio da Justi\u00e7a. De acordo com o delegado, \u00a0o fundo seria gerido pelo valor recuperado da corrup\u00e7\u00e3o, como desvio e lavagem de dinheiro. A declara\u00e7\u00e3o [&hellip;]<\/p>\n","protected":false},"author":2,"featured_media":115124,"comment_status":"open","ping_status":"open","sticky":false,"template":"","format":"standard","meta":{"_monsterinsights_skip_tracking":false,"_monsterinsights_sitenote_active":false,"_monsterinsights_sitenote_note":"","_monsterinsights_sitenote_category":0},"categories":[2528,12],"tags":[23267,27555,27688,21419,27556,27367,24637],"aioseo_notices":[],"_links":{"self":[{"href":"http:\/\/mspontocom.com.br\/site\/wp-json\/wp\/v2\/posts\/115123"}],"collection":[{"href":"http:\/\/mspontocom.com.br\/site\/wp-json\/wp\/v2\/posts"}],"about":[{"href":"http:\/\/mspontocom.com.br\/site\/wp-json\/wp\/v2\/types\/post"}],"author":[{"embeddable":true,"href":"http:\/\/mspontocom.com.br\/site\/wp-json\/wp\/v2\/users\/2"}],"replies":[{"embeddable":true,"href":"http:\/\/mspontocom.com.br\/site\/wp-json\/wp\/v2\/comments?post=115123"}],"version-history":[{"count":0,"href":"http:\/\/mspontocom.com.br\/site\/wp-json\/wp\/v2\/posts\/115123\/revisions"}],"wp:featuredmedia":[{"embeddable":true,"href":"http:\/\/mspontocom.com.br\/site\/wp-json\/wp\/v2\/media\/115124"}],"wp:attachment":[{"href":"http:\/\/mspontocom.com.br\/site\/wp-json\/wp\/v2\/media?parent=115123"}],"wp:term":[{"taxonomy":"category","embeddable":true,"href":"http:\/\/mspontocom.com.br\/site\/wp-json\/wp\/v2\/categories?post=115123"},{"taxonomy":"post_tag","embeddable":true,"href":"http:\/\/mspontocom.com.br\/site\/wp-json\/wp\/v2\/tags?post=115123"}],"curies":[{"name":"wp","href":"https:\/\/api.w.org\/{rel}","templated":true}]}}