{"id":115148,"date":"2016-10-19T09:22:51","date_gmt":"2016-10-19T12:22:51","guid":{"rendered":"https:\/\/mspontocom.com.br\/site\/?p=115148"},"modified":"2016-10-19T09:22:51","modified_gmt":"2016-10-19T12:22:51","slug":"moro-aceita-denuncia-contra-acusados-de-frear-a-cpi-da-petrobras","status":"publish","type":"post","link":"http:\/\/mspontocom.com.br\/site\/moro-aceita-denuncia-contra-acusados-de-frear-a-cpi-da-petrobras\/","title":{"rendered":"Moro aceita den\u00fancia contra acusados de frear a CPI DA PETROBRAS"},"content":{"rendered":"<p style=\"text-align: justify;\"><a href=\"https:\/\/mspontocom.com.br\/site\/wp-content\/uploads\/2016\/10\/moro.jpeg\"><img loading=\"lazy\" class=\"alignleft size-medium wp-image-115149\" alt=\"moro\" src=\"https:\/\/mspontocom.com.br\/site\/wp-content\/uploads\/2016\/10\/moro-260x182.jpeg\" width=\"260\" height=\"182\" srcset=\"http:\/\/mspontocom.com.br\/site\/wp-content\/uploads\/2016\/10\/moro-260x182.jpeg 260w, http:\/\/mspontocom.com.br\/site\/wp-content\/uploads\/2016\/10\/moro.jpeg 635w\" sizes=\"(max-width: 260px) 100vw, 260px\" \/><\/a>O juiz federal <strong>S\u00e9rgio Moro, r<\/strong>espons\u00e1vel pela Lava Jato, aceitou den\u00fancia oferecida pelo Minist\u00e9rio P\u00fablico Federal em uma a\u00e7\u00e3o penal da 33\u00aa fase da <strong>Lava Jato<\/strong> que envolve o ex-presidente da Queiroz Galv\u00e3o Ildefonso Colares Filho, e Erton Medeiros Fonseca, ligado \u00e0 Galv\u00e3o Engenharia.<\/p>\n<p style=\"text-align: justify;\">Agora, eles se tornam r\u00e9us no processo e passam a responder pelo crime de <strong>corrup\u00e7\u00e3o ativa.\u00a0<\/strong><\/p>\n<p style=\"text-align: justify;\">A dupla \u00e9 acusada de oferecer R$ 10 milh\u00f5es ao senador S\u00e9rgio Guerra, ex-presidente do PSDB, morto em 2014, e ao deputado federal Eduardo da Fonte (PP-PE), no segundo semestre de 2009, para que a <strong>CPI da Petrobras<\/strong> n\u00e3o fosse efetiva.<\/p>\n","protected":false},"excerpt":{"rendered":"<p>O juiz federal S\u00e9rgio Moro, respons\u00e1vel pela Lava Jato, aceitou den\u00fancia oferecida pelo Minist\u00e9rio P\u00fablico Federal em uma a\u00e7\u00e3o penal da 33\u00aa fase da Lava Jato que envolve o ex-presidente da Queiroz Galv\u00e3o Ildefonso Colares Filho, e Erton Medeiros Fonseca, ligado \u00e0 Galv\u00e3o Engenharia. Agora, eles se tornam r\u00e9us no processo e passam a responder [&hellip;]<\/p>\n","protected":false},"author":2,"featured_media":115149,"comment_status":"open","ping_status":"open","sticky":false,"template":"","format":"standard","meta":{"_monsterinsights_skip_tracking":false,"_monsterinsights_sitenote_active":false,"_monsterinsights_sitenote_note":"","_monsterinsights_sitenote_category":0},"categories":[6,2528,12],"tags":[27322,27692,30254,23797,12020,314,27693,1789,1350,21419,6587,154,20193],"aioseo_notices":[],"_links":{"self":[{"href":"http:\/\/mspontocom.com.br\/site\/wp-json\/wp\/v2\/posts\/115148"}],"collection":[{"href":"http:\/\/mspontocom.com.br\/site\/wp-json\/wp\/v2\/posts"}],"about":[{"href":"http:\/\/mspontocom.com.br\/site\/wp-json\/wp\/v2\/types\/post"}],"author":[{"embeddable":true,"href":"http:\/\/mspontocom.com.br\/site\/wp-json\/wp\/v2\/users\/2"}],"replies":[{"embeddable":true,"href":"http:\/\/mspontocom.com.br\/site\/wp-json\/wp\/v2\/comments?post=115148"}],"version-history":[{"count":0,"href":"http:\/\/mspontocom.com.br\/site\/wp-json\/wp\/v2\/posts\/115148\/revisions"}],"wp:featuredmedia":[{"embeddable":true,"href":"http:\/\/mspontocom.com.br\/site\/wp-json\/wp\/v2\/media\/115149"}],"wp:attachment":[{"href":"http:\/\/mspontocom.com.br\/site\/wp-json\/wp\/v2\/media?parent=115148"}],"wp:term":[{"taxonomy":"category","embeddable":true,"href":"http:\/\/mspontocom.com.br\/site\/wp-json\/wp\/v2\/categories?post=115148"},{"taxonomy":"post_tag","embeddable":true,"href":"http:\/\/mspontocom.com.br\/site\/wp-json\/wp\/v2\/tags?post=115148"}],"curies":[{"name":"wp","href":"https:\/\/api.w.org\/{rel}","templated":true}]}}