{"id":115161,"date":"2016-10-19T14:17:58","date_gmt":"2016-10-19T17:17:58","guid":{"rendered":"https:\/\/mspontocom.com.br\/site\/?p=115161"},"modified":"2016-10-19T14:17:58","modified_gmt":"2016-10-19T17:17:58","slug":"prisao-de-cunha-aumenta-risco-de-delacao-premiada","status":"publish","type":"post","link":"http:\/\/mspontocom.com.br\/site\/prisao-de-cunha-aumenta-risco-de-delacao-premiada\/","title":{"rendered":"Pris\u00e3o de Cunha aumenta risco de dela\u00e7\u00e3o premiada."},"content":{"rendered":"<p><a href=\"https:\/\/mspontocom.com.br\/site\/wp-content\/uploads\/2016\/10\/Cunha-1.jpg\"><img loading=\"lazy\" class=\"alignleft size-medium wp-image-115162\" alt=\"cunha-1\" src=\"https:\/\/mspontocom.com.br\/site\/wp-content\/uploads\/2016\/10\/Cunha-1-260x180.jpg\" width=\"260\" height=\"180\" srcset=\"http:\/\/mspontocom.com.br\/site\/wp-content\/uploads\/2016\/10\/Cunha-1-260x180.jpg 260w, http:\/\/mspontocom.com.br\/site\/wp-content\/uploads\/2016\/10\/Cunha-1.jpg 270w\" sizes=\"(max-width: 260px) 100vw, 260px\" \/><\/a>A pris\u00e3o do ex-presidente da C\u00e2mara dos Deputados Eduardo Cunha (PMDB-RJ) causou apreens\u00e3o entre auxiliares e assessores do Pal\u00e1cio do Planalto, para os quais o epis\u00f3dio aumenta o risco do peemedebista fazer um acordo de dela\u00e7\u00e3o premiada para deixar a cadeia.<\/p>\n<p>A avalia\u00e7\u00e3o no governo federal, antes da pris\u00e3o realizada nesta quarta-feira (19), era que a chance de um acordo com o Minist\u00e9rio P\u00fablico e a Justi\u00e7a Federal era pequena. Com o despacho do juiz Sergio Moro, contudo, o diagn\u00f3stico \u00e9 que o quadro mudou e a possibilidade tornou-se real.<\/p>\n<p>O entorno de Michel Temer n\u00e3o acredita que o peemedebista tenha elementos para comprometer o presidente em uma eventual dela\u00e7\u00e3o premiada, mas demonstra receio com a rela\u00e7\u00e3o de proximidade do ex-presidente da C\u00e2mara dos Deputados com o n\u00facleo duro do Pal\u00e1cio do Planalto.<\/p>\n<p>Com a preocupa\u00e7\u00e3o de uma retalia\u00e7\u00e3o de Cunha, a ordem no Pal\u00e1cio do Planalto \u00e9 para que ministros evitem fazer coment\u00e1rios ou declara\u00e7\u00f5es p\u00fablicas sobre a pris\u00e3o do peemedebista.<\/p>\n<p>A avalia\u00e7\u00e3o do aumento do risco de um acordo de dela\u00e7\u00e3o premiada tamb\u00e9m \u00e9 compartilhada por deputados federais aliados do ex-presidente da C\u00e2mara dos Deputados.<\/p>\n<p>Segundo eles, Cunha foi pego de surpresa com a pris\u00e3o. Em conversas por telefone, ele achava que ela demoraria mais tempo, uma vez que ele foi notificado para apresentar sua defesa na semana passada.<\/p>\n<p>A pris\u00e3o e a busca foram autorizadas pelo juiz federal Sergio Moro nesta ter\u00e7a-feira (18), que passou a tratar do caso do ex-parlamentar depois que ele perdeu o foro privilegiado com a cassa\u00e7\u00e3o de seu mandato.<\/p>\n<p>Moro pediu a pris\u00e3o do ex-deputado afirmando que sua liberdade representava risco &#8220;\u00e0 instru\u00e7\u00e3o do processo, \u00e0 ordem p\u00fablica, como tamb\u00e9m a possibilidade concreta de fuga em virtude da disponibilidade de recursos ocultos no exterior, al\u00e9m da dupla nacionalidade (Cunha \u00e9 italiano e brasileiro)&#8221;, afirma em nota a Justi\u00e7a Federal do Paran\u00e1.<\/p>\n","protected":false},"excerpt":{"rendered":"<p>A pris\u00e3o do ex-presidente da C\u00e2mara dos Deputados Eduardo Cunha (PMDB-RJ) causou apreens\u00e3o entre auxiliares e assessores do Pal\u00e1cio do Planalto, para os quais o epis\u00f3dio aumenta o risco do peemedebista fazer um acordo de dela\u00e7\u00e3o premiada para deixar a cadeia. A avalia\u00e7\u00e3o no governo federal, antes da pris\u00e3o realizada nesta quarta-feira (19), era que [&hellip;]<\/p>\n","protected":false},"author":2,"featured_media":115162,"comment_status":"open","ping_status":"open","sticky":false,"template":"","format":"standard","meta":{"_monsterinsights_skip_tracking":false,"_monsterinsights_sitenote_active":false,"_monsterinsights_sitenote_note":"","_monsterinsights_sitenote_category":0},"categories":[6,1,2528],"tags":[23371,23184,23158,1790],"aioseo_notices":[],"_links":{"self":[{"href":"http:\/\/mspontocom.com.br\/site\/wp-json\/wp\/v2\/posts\/115161"}],"collection":[{"href":"http:\/\/mspontocom.com.br\/site\/wp-json\/wp\/v2\/posts"}],"about":[{"href":"http:\/\/mspontocom.com.br\/site\/wp-json\/wp\/v2\/types\/post"}],"author":[{"embeddable":true,"href":"http:\/\/mspontocom.com.br\/site\/wp-json\/wp\/v2\/users\/2"}],"replies":[{"embeddable":true,"href":"http:\/\/mspontocom.com.br\/site\/wp-json\/wp\/v2\/comments?post=115161"}],"version-history":[{"count":0,"href":"http:\/\/mspontocom.com.br\/site\/wp-json\/wp\/v2\/posts\/115161\/revisions"}],"wp:featuredmedia":[{"embeddable":true,"href":"http:\/\/mspontocom.com.br\/site\/wp-json\/wp\/v2\/media\/115162"}],"wp:attachment":[{"href":"http:\/\/mspontocom.com.br\/site\/wp-json\/wp\/v2\/media?parent=115161"}],"wp:term":[{"taxonomy":"category","embeddable":true,"href":"http:\/\/mspontocom.com.br\/site\/wp-json\/wp\/v2\/categories?post=115161"},{"taxonomy":"post_tag","embeddable":true,"href":"http:\/\/mspontocom.com.br\/site\/wp-json\/wp\/v2\/tags?post=115161"}],"curies":[{"name":"wp","href":"https:\/\/api.w.org\/{rel}","templated":true}]}}