{"id":115164,"date":"2016-10-20T07:02:04","date_gmt":"2016-10-20T10:02:04","guid":{"rendered":"https:\/\/mspontocom.com.br\/site\/?p=115164"},"modified":"2016-10-20T07:02:04","modified_gmt":"2016-10-20T10:02:04","slug":"ronaldo-caiado-acredita-que-prisao-de-lula-e-a-proxima","status":"publish","type":"post","link":"http:\/\/mspontocom.com.br\/site\/ronaldo-caiado-acredita-que-prisao-de-lula-e-a-proxima\/","title":{"rendered":"Ronaldo Caiado acredita que pris\u00e3o de Lula \u00e9 a pr\u00f3xima"},"content":{"rendered":"<p style=\"text-align: justify;\"><a href=\"https:\/\/mspontocom.com.br\/site\/wp-content\/uploads\/2016\/10\/ronaldo_caiado-10.jpg\"><img loading=\"lazy\" class=\"alignleft size-medium wp-image-115165\" alt=\"ronaldo_caiado-10\" src=\"https:\/\/mspontocom.com.br\/site\/wp-content\/uploads\/2016\/10\/ronaldo_caiado-10-260x146.jpg\" width=\"260\" height=\"146\" srcset=\"http:\/\/mspontocom.com.br\/site\/wp-content\/uploads\/2016\/10\/ronaldo_caiado-10-260x146.jpg 260w, http:\/\/mspontocom.com.br\/site\/wp-content\/uploads\/2016\/10\/ronaldo_caiado-10-140x80.jpg 140w, http:\/\/mspontocom.com.br\/site\/wp-content\/uploads\/2016\/10\/ronaldo_caiado-10.jpg 620w\" sizes=\"(max-width: 260px) 100vw, 260px\" \/><\/a>Ap\u00f3s a pris\u00e3o do deputado cassado<strong> Eduardo Cunha<\/strong> (PMDB-RJ) nesta quarta-feira, 19, os l\u00edderes do DEM no Congresso Nacional acreditam que o pr\u00f3ximo a ir para a cadeia \u00e9 o <strong>ex-presidente Lula.<\/strong><\/p>\n<p style=\"text-align: justify;\">O senador e l\u00edder do partido no Senado, <strong>Ronaldo Caiado<\/strong> (GO), minimizou o epis\u00f3dio com o peemedebista desta tarde,\u00a0classificando-a como \u201cmais uma pris\u00e3o\u201d.<\/p>\n<p style=\"text-align: justify;\">Para ele, trata-se de\u00a0uma <strong>\u201cetapa anterior \u00e0quela que \u00e9, indiscutivelmente, a mais esperada, que \u00e9 a do Lula\u201d. <\/strong><\/p>\n<p style=\"text-align: justify;\">No mesmo tom, o\u00a0l\u00edder do partido na C\u00e2mara, Pauderney Avelino (AM), declarou que &#8220;as portas de Curitiba est\u00e3o abertas tamb\u00e9m para o Lula&#8221;. O ex-presidente tamb\u00e9m \u00e9 r\u00e9u na Lava\u00a0Jato.<\/p>\n<p style=\"text-align: justify;\">Pauderney\u00a0tamb\u00e9m aproveitou para provocar os petistas. <strong>&#8220;O pessoal do PT dizia que, para prender Lula, teriam que antes prender Eduardo Cunha. Se for seguir a tese do PT, o caminho est\u00e1 aberto&#8221;.<\/strong><\/p>\n<p style=\"text-align: justify;\">\n<p style=\"text-align: justify;\">fonte: Di\u00e1rio do Poder<\/p>\n<p style=\"text-align: justify;\">\n<p style=\"text-align: justify;\">\n","protected":false},"excerpt":{"rendered":"<p>Ap\u00f3s a pris\u00e3o do deputado cassado Eduardo Cunha (PMDB-RJ) nesta quarta-feira, 19, os l\u00edderes do DEM no Congresso Nacional acreditam que o pr\u00f3ximo a ir para a cadeia \u00e9 o ex-presidente Lula. O senador e l\u00edder do partido no Senado, Ronaldo Caiado (GO), minimizou o epis\u00f3dio com o peemedebista desta tarde,\u00a0classificando-a como \u201cmais uma pris\u00e3o\u201d. [&hellip;]<\/p>\n","protected":false},"author":2,"featured_media":115165,"comment_status":"open","ping_status":"open","sticky":false,"template":"","format":"standard","meta":{"_monsterinsights_skip_tracking":false,"_monsterinsights_sitenote_active":false,"_monsterinsights_sitenote_note":"","_monsterinsights_sitenote_category":0},"categories":[6,2528,12],"tags":[27695,30254,6984,20971,1350,21419,480,6587,4100,154,1790,25046,15610],"aioseo_notices":[],"_links":{"self":[{"href":"http:\/\/mspontocom.com.br\/site\/wp-json\/wp\/v2\/posts\/115164"}],"collection":[{"href":"http:\/\/mspontocom.com.br\/site\/wp-json\/wp\/v2\/posts"}],"about":[{"href":"http:\/\/mspontocom.com.br\/site\/wp-json\/wp\/v2\/types\/post"}],"author":[{"embeddable":true,"href":"http:\/\/mspontocom.com.br\/site\/wp-json\/wp\/v2\/users\/2"}],"replies":[{"embeddable":true,"href":"http:\/\/mspontocom.com.br\/site\/wp-json\/wp\/v2\/comments?post=115164"}],"version-history":[{"count":0,"href":"http:\/\/mspontocom.com.br\/site\/wp-json\/wp\/v2\/posts\/115164\/revisions"}],"wp:featuredmedia":[{"embeddable":true,"href":"http:\/\/mspontocom.com.br\/site\/wp-json\/wp\/v2\/media\/115165"}],"wp:attachment":[{"href":"http:\/\/mspontocom.com.br\/site\/wp-json\/wp\/v2\/media?parent=115164"}],"wp:term":[{"taxonomy":"category","embeddable":true,"href":"http:\/\/mspontocom.com.br\/site\/wp-json\/wp\/v2\/categories?post=115164"},{"taxonomy":"post_tag","embeddable":true,"href":"http:\/\/mspontocom.com.br\/site\/wp-json\/wp\/v2\/tags?post=115164"}],"curies":[{"name":"wp","href":"https:\/\/api.w.org\/{rel}","templated":true}]}}