{"id":115199,"date":"2016-10-21T06:55:39","date_gmt":"2016-10-21T09:55:39","guid":{"rendered":"https:\/\/mspontocom.com.br\/site\/?p=115199"},"modified":"2016-10-21T06:55:39","modified_gmt":"2016-10-21T09:55:39","slug":"projeto-de-renan-e-atentado-a-magistratura-diz-moro","status":"publish","type":"post","link":"http:\/\/mspontocom.com.br\/site\/projeto-de-renan-e-atentado-a-magistratura-diz-moro\/","title":{"rendered":"Projeto de Renan \u00e9 atentado \u00e0 magistratura, diz Moro"},"content":{"rendered":"<p style=\"text-align: justify;\"><strong><a href=\"https:\/\/mspontocom.com.br\/site\/wp-content\/uploads\/2016\/10\/moro1.jpeg\"><img loading=\"lazy\" class=\"alignleft size-medium wp-image-115200\" alt=\"moro\" src=\"https:\/\/mspontocom.com.br\/site\/wp-content\/uploads\/2016\/10\/moro1-260x182.jpeg\" width=\"260\" height=\"182\" srcset=\"http:\/\/mspontocom.com.br\/site\/wp-content\/uploads\/2016\/10\/moro1-260x182.jpeg 260w, http:\/\/mspontocom.com.br\/site\/wp-content\/uploads\/2016\/10\/moro1.jpeg 635w\" sizes=\"(max-width: 260px) 100vw, 260px\" \/><\/a>Contatos com Renan Calheiros no fim da not\u00edcia<\/strong><\/p>\n<p style=\"text-align: justify;\">O juiz federal <strong>S\u00e9rgio Moro<\/strong> atacou nesta quinta-feira, 20, o texto do projeto de lei que altera as regras sobre abuso de poder de autoridades, em discuss\u00e3o no Senado, como sendo\u00a0um <strong>\u201catentado \u00e0 magistratura\u201d.<\/strong><\/p>\n<p style=\"text-align: justify;\">A proposta de lei foi desengavetada e voltou \u00e0 discuss\u00e3o no Congresso, por a\u00e7\u00e3o encabe\u00e7ada pelo presidente do Senado, <strong>Renan Calheiros<\/strong> (PMDB-AL) \u2013 investigado no esc\u00e2ndalo de corrup\u00e7\u00e3o, na Petrobr\u00e1s.<\/p>\n<p style=\"text-align: justify;\"><em><strong>\u201c\u00c9 importante que se for realmente se pensar e aprovar esse projeto, que fossem estabelecidas salvaguardas para que ficasse claro que o alvo dessa lei n\u00e3o \u00e9 a interpreta\u00e7\u00e3o da magistratura a respeito do que significa o direito. Do contr\u00e1rio, vai ser um atentado \u00e0 independ\u00eancia da magistratura\u201d,<\/strong><\/em>\u00a0afirmou Moro.<\/p>\n<p style=\"text-align: justify;\">Para Moro, o texto do projeto em discuss\u00e3o\u00a0vai contra a necessidade de reformas e de \u201caprimoramento do estado de direito em rela\u00e7\u00e3o ao fen\u00f4meno da corrup\u00e7\u00e3o sist\u00eamica\u201d.<\/p>\n<p style=\"text-align: justify;\"><em><strong>\u201cEsse projeto representaria uma tentativa de retrocesso no contexto atual.\u201d<\/strong><\/em><\/p>\n<p style=\"text-align: justify;\"><em><strong>\u00a0\u201cO teor do projeto que tramita no Senado, especialmente o do substitutivo apresentado, tem um teor extremamente preocupante, principalmente, no que se refere a magistratura.\u201d<\/strong><\/em><\/p>\n<p style=\"text-align: justify;\">Para Moro, <em><strong>\u201ctoda autoridade que comete um crime, seja qual for a natureza, corrup\u00e7\u00e3o ou abuso de poder, deve ser responsabilizado\u201d.<\/strong><\/em><\/p>\n<p style=\"text-align: justify;\">Renan e Juc\u00e1 s\u00e3o investigados pela opera\u00e7\u00e3o e tiveram contra si um pedido de pris\u00e3o requerido pelo procurador-geral da Rep\u00fablica, Rodrigo Janot.<\/p>\n<p style=\"text-align: justify;\"><strong>Contatos com senador Renan Calheiros:<\/strong><\/p>\n<p style=\"text-align: justify;\">E-mail:<a href=\"mailto:renan.calheiros@senador.leg.br\">renan.calheiros@senador.leg.br<\/a><\/p>\n<p style=\"text-align: justify;\">Site pessoal:<a href=\"https:\/\/www.senado.leg.br\/senadores\/senador\/RenanCalheiros\/index.htm\" target=\"blank\">Site pessoal (p\u00e1gina de responsabilidade do gabinete do senador)<\/a><\/p>\n<p style=\"text-align: justify;\">\n","protected":false},"excerpt":{"rendered":"<p>Contatos com Renan Calheiros no fim da not\u00edcia O juiz federal S\u00e9rgio Moro atacou nesta quinta-feira, 20, o texto do projeto de lei que altera as regras sobre abuso de poder de autoridades, em discuss\u00e3o no Senado, como sendo\u00a0um \u201catentado \u00e0 magistratura\u201d. A proposta de lei foi desengavetada e voltou \u00e0 discuss\u00e3o no Congresso, por [&hellip;]<\/p>\n","protected":false},"author":2,"featured_media":115200,"comment_status":"open","ping_status":"open","sticky":false,"template":"","format":"standard","meta":{"_monsterinsights_skip_tracking":false,"_monsterinsights_sitenote_active":false,"_monsterinsights_sitenote_note":"","_monsterinsights_sitenote_category":0},"categories":[6,2528,12],"tags":[2597,1885,27666,30254,1350,21419,27707,6587,154,374,9868,20193],"aioseo_notices":[],"_links":{"self":[{"href":"http:\/\/mspontocom.com.br\/site\/wp-json\/wp\/v2\/posts\/115199"}],"collection":[{"href":"http:\/\/mspontocom.com.br\/site\/wp-json\/wp\/v2\/posts"}],"about":[{"href":"http:\/\/mspontocom.com.br\/site\/wp-json\/wp\/v2\/types\/post"}],"author":[{"embeddable":true,"href":"http:\/\/mspontocom.com.br\/site\/wp-json\/wp\/v2\/users\/2"}],"replies":[{"embeddable":true,"href":"http:\/\/mspontocom.com.br\/site\/wp-json\/wp\/v2\/comments?post=115199"}],"version-history":[{"count":0,"href":"http:\/\/mspontocom.com.br\/site\/wp-json\/wp\/v2\/posts\/115199\/revisions"}],"wp:featuredmedia":[{"embeddable":true,"href":"http:\/\/mspontocom.com.br\/site\/wp-json\/wp\/v2\/media\/115200"}],"wp:attachment":[{"href":"http:\/\/mspontocom.com.br\/site\/wp-json\/wp\/v2\/media?parent=115199"}],"wp:term":[{"taxonomy":"category","embeddable":true,"href":"http:\/\/mspontocom.com.br\/site\/wp-json\/wp\/v2\/categories?post=115199"},{"taxonomy":"post_tag","embeddable":true,"href":"http:\/\/mspontocom.com.br\/site\/wp-json\/wp\/v2\/tags?post=115199"}],"curies":[{"name":"wp","href":"https:\/\/api.w.org\/{rel}","templated":true}]}}