{"id":115228,"date":"2016-10-21T13:36:54","date_gmt":"2016-10-21T16:36:54","guid":{"rendered":"https:\/\/mspontocom.com.br\/site\/?p=115228"},"modified":"2016-10-21T13:36:54","modified_gmt":"2016-10-21T16:36:54","slug":"forca-tarefa-da-lava-jato-nao-tem-interesse-na-delacao-de-cunha","status":"publish","type":"post","link":"http:\/\/mspontocom.com.br\/site\/forca-tarefa-da-lava-jato-nao-tem-interesse-na-delacao-de-cunha\/","title":{"rendered":"For\u00e7a-Tarefa da Lava Jato n\u00e3o tem interesse na dela\u00e7\u00e3o de Cunha"},"content":{"rendered":"<p style=\"text-align: justify;\"><a href=\"https:\/\/mspontocom.com.br\/site\/wp-content\/uploads\/2016\/10\/cunha-preso.jpeg\"><img loading=\"lazy\" class=\"alignleft size-medium wp-image-115229\" alt=\"cunha-preso\" src=\"https:\/\/mspontocom.com.br\/site\/wp-content\/uploads\/2016\/10\/cunha-preso-260x173.jpeg\" width=\"260\" height=\"173\" srcset=\"http:\/\/mspontocom.com.br\/site\/wp-content\/uploads\/2016\/10\/cunha-preso-260x173.jpeg 260w, http:\/\/mspontocom.com.br\/site\/wp-content\/uploads\/2016\/10\/cunha-preso.jpeg 620w\" sizes=\"(max-width: 260px) 100vw, 260px\" \/><\/a>A<strong> for\u00e7a-tarefa da Lava Jato<\/strong> n\u00e3o tem interesse em negociar acordo de dela\u00e7\u00e3o premiada com<strong> Eduardo Cunha,<\/strong> segundo fontes ligadas \u00e0 investiga\u00e7\u00e3o, porque o ex-deputado \u00e9 um dos \u201calvos finais\u201d e principalmente porque representa um dos maiores \u201ctrof\u00e9us\u201d na ca\u00e7ada aos corruptos.<\/p>\n<p style=\"text-align: justify;\">A Lava Jato n\u00e3o vai colaborar para relaxar a pris\u00e3o de Cunha. Ao contr\u00e1rio, quer garanti-la por muitos anos.<\/p>\n<p style=\"text-align: justify;\">A informa\u00e7\u00e3o \u00e9 do colunista Claudio Humberto, do\u00a0<strong>Di\u00e1rio do Poder.\u00a0<\/strong><\/p>\n<p style=\"text-align: justify;\">Cunha teria de entregar bem mais que pol\u00edticos j\u00e1 encrencados, para emplacar dela\u00e7\u00e3o: a mulher, a filha e amigos como Henrique Alves.<\/p>\n<p style=\"text-align: justify;\">A Lava Jato n\u00e3o quer papo, nem acordo, com Cunha. Sua pris\u00e3o foi muito festejada na for\u00e7a-tarefa, que espera senten\u00e7as rigorosas.<\/p>\n<p style=\"text-align: justify;\">Ao contr\u00e1rio de Cunha, <strong>Antonio Palocci<\/strong> tem chances de fechar acordo de dela\u00e7\u00e3o, caso ajude com revela\u00e7\u00f5es sobre outro alvo final: <strong>Lula.<\/strong><\/p>\n","protected":false},"excerpt":{"rendered":"<p>A for\u00e7a-tarefa da Lava Jato n\u00e3o tem interesse em negociar acordo de dela\u00e7\u00e3o premiada com Eduardo Cunha, segundo fontes ligadas \u00e0 investiga\u00e7\u00e3o, porque o ex-deputado \u00e9 um dos \u201calvos finais\u201d e principalmente porque representa um dos maiores \u201ctrof\u00e9us\u201d na ca\u00e7ada aos corruptos. A Lava Jato n\u00e3o vai colaborar para relaxar a pris\u00e3o de Cunha. Ao [&hellip;]<\/p>\n","protected":false},"author":2,"featured_media":115229,"comment_status":"open","ping_status":"open","sticky":false,"template":"","format":"standard","meta":{"_monsterinsights_skip_tracking":false,"_monsterinsights_sitenote_active":false,"_monsterinsights_sitenote_note":"","_monsterinsights_sitenote_category":0},"categories":[6,2528,12],"tags":[30254,23184,20971,2360,1350,21419,480,6587,27711,5556,154,24667],"aioseo_notices":[],"_links":{"self":[{"href":"http:\/\/mspontocom.com.br\/site\/wp-json\/wp\/v2\/posts\/115228"}],"collection":[{"href":"http:\/\/mspontocom.com.br\/site\/wp-json\/wp\/v2\/posts"}],"about":[{"href":"http:\/\/mspontocom.com.br\/site\/wp-json\/wp\/v2\/types\/post"}],"author":[{"embeddable":true,"href":"http:\/\/mspontocom.com.br\/site\/wp-json\/wp\/v2\/users\/2"}],"replies":[{"embeddable":true,"href":"http:\/\/mspontocom.com.br\/site\/wp-json\/wp\/v2\/comments?post=115228"}],"version-history":[{"count":0,"href":"http:\/\/mspontocom.com.br\/site\/wp-json\/wp\/v2\/posts\/115228\/revisions"}],"wp:featuredmedia":[{"embeddable":true,"href":"http:\/\/mspontocom.com.br\/site\/wp-json\/wp\/v2\/media\/115229"}],"wp:attachment":[{"href":"http:\/\/mspontocom.com.br\/site\/wp-json\/wp\/v2\/media?parent=115228"}],"wp:term":[{"taxonomy":"category","embeddable":true,"href":"http:\/\/mspontocom.com.br\/site\/wp-json\/wp\/v2\/categories?post=115228"},{"taxonomy":"post_tag","embeddable":true,"href":"http:\/\/mspontocom.com.br\/site\/wp-json\/wp\/v2\/tags?post=115228"}],"curies":[{"name":"wp","href":"https:\/\/api.w.org\/{rel}","templated":true}]}}