{"id":115279,"date":"2016-10-24T07:50:58","date_gmt":"2016-10-24T10:50:58","guid":{"rendered":"https:\/\/mspontocom.com.br\/site\/?p=115279"},"modified":"2016-10-24T07:50:58","modified_gmt":"2016-10-24T10:50:58","slug":"deputados-vao-a-curitiba-para-lava-jato-analisar-medidas-contra-corrupcao","status":"publish","type":"post","link":"http:\/\/mspontocom.com.br\/site\/deputados-vao-a-curitiba-para-lava-jato-analisar-medidas-contra-corrupcao\/","title":{"rendered":"Deputados v\u00e3o a Curitiba para LAVA JATO analisar medidas contra corrup\u00e7\u00e3o"},"content":{"rendered":"<p style=\"text-align: justify;\"><a href=\"https:\/\/mspontocom.com.br\/site\/wp-content\/uploads\/2016\/10\/medidascorrupcao.jpg\"><img loading=\"lazy\" class=\"alignleft size-medium wp-image-115280\" alt=\"medidascorrupcao\" src=\"https:\/\/mspontocom.com.br\/site\/wp-content\/uploads\/2016\/10\/medidascorrupcao-260x183.jpg\" width=\"260\" height=\"183\" srcset=\"http:\/\/mspontocom.com.br\/site\/wp-content\/uploads\/2016\/10\/medidascorrupcao-260x183.jpg 260w, http:\/\/mspontocom.com.br\/site\/wp-content\/uploads\/2016\/10\/medidascorrupcao-1024x724.jpg 1024w, http:\/\/mspontocom.com.br\/site\/wp-content\/uploads\/2016\/10\/medidascorrupcao.jpg 1753w\" sizes=\"(max-width: 260px) 100vw, 260px\" \/><\/a>Nesta segunda-feira (24) os deputados que comp\u00f5em a Comiss\u00e3o Especial das <strong>Dez Medidas Contra a Corrup\u00e7\u00e3o,<\/strong> v\u00e3o a Curitiba, capital onde se concentram as investiga\u00e7\u00f5es da <strong>Lava Jato<\/strong>, para debater as medidas com a for\u00e7a tarefa da opera\u00e7\u00e3o.<\/p>\n<p style=\"text-align: justify;\">O encontro contar\u00e1 com a presen\u00e7a dos juizes<strong> S\u00e9rgio Moro,<\/strong> Danilo Dias, Marcos Josegrei e Bianca Arenhart; os procuradores Deltan Dallagnol, Diogo Castor de Mattos e Roberson Henrique Pozzobon; e os promotores de Justi\u00e7a F\u00e1bio Andr\u00e9 Guaragni e Rodrigo R\u00e9gnier Chemim Guimar\u00e3es.<\/p>\n<p style=\"text-align: justify;\">Os participantes j\u00e1 foram ao Congresso Nacional explanar suas ideias a respeito do projeto. Agora, os deputados querem ouvi-los novamente porque o texto est\u00e1 em fase final.<\/p>\n<p>&nbsp;<\/p>\n<p>fonte: Di\u00e1rio do Poder<\/p>\n","protected":false},"excerpt":{"rendered":"<p>Nesta segunda-feira (24) os deputados que comp\u00f5em a Comiss\u00e3o Especial das Dez Medidas Contra a Corrup\u00e7\u00e3o, v\u00e3o a Curitiba, capital onde se concentram as investiga\u00e7\u00f5es da Lava Jato, para debater as medidas com a for\u00e7a tarefa da opera\u00e7\u00e3o. O encontro contar\u00e1 com a presen\u00e7a dos juizes S\u00e9rgio Moro, Danilo Dias, Marcos Josegrei e Bianca Arenhart; [&hellip;]<\/p>\n","protected":false},"author":2,"featured_media":115280,"comment_status":"open","ping_status":"open","sticky":false,"template":"","format":"standard","meta":{"_monsterinsights_skip_tracking":false,"_monsterinsights_sitenote_active":false,"_monsterinsights_sitenote_note":"","_monsterinsights_sitenote_category":0},"categories":[6,2528,12],"tags":[30254,23797,327,1100,7393,23538,1350,21419,23707,6587,154,20193],"aioseo_notices":[],"_links":{"self":[{"href":"http:\/\/mspontocom.com.br\/site\/wp-json\/wp\/v2\/posts\/115279"}],"collection":[{"href":"http:\/\/mspontocom.com.br\/site\/wp-json\/wp\/v2\/posts"}],"about":[{"href":"http:\/\/mspontocom.com.br\/site\/wp-json\/wp\/v2\/types\/post"}],"author":[{"embeddable":true,"href":"http:\/\/mspontocom.com.br\/site\/wp-json\/wp\/v2\/users\/2"}],"replies":[{"embeddable":true,"href":"http:\/\/mspontocom.com.br\/site\/wp-json\/wp\/v2\/comments?post=115279"}],"version-history":[{"count":0,"href":"http:\/\/mspontocom.com.br\/site\/wp-json\/wp\/v2\/posts\/115279\/revisions"}],"wp:featuredmedia":[{"embeddable":true,"href":"http:\/\/mspontocom.com.br\/site\/wp-json\/wp\/v2\/media\/115280"}],"wp:attachment":[{"href":"http:\/\/mspontocom.com.br\/site\/wp-json\/wp\/v2\/media?parent=115279"}],"wp:term":[{"taxonomy":"category","embeddable":true,"href":"http:\/\/mspontocom.com.br\/site\/wp-json\/wp\/v2\/categories?post=115279"},{"taxonomy":"post_tag","embeddable":true,"href":"http:\/\/mspontocom.com.br\/site\/wp-json\/wp\/v2\/tags?post=115279"}],"curies":[{"name":"wp","href":"https:\/\/api.w.org\/{rel}","templated":true}]}}