{"id":121527,"date":"2017-05-19T14:00:25","date_gmt":"2017-05-19T18:00:25","guid":{"rendered":"https:\/\/mspontocom.com.br\/site\/?p=121527"},"modified":"2017-05-19T10:18:45","modified_gmt":"2017-05-19T14:18:45","slug":"universitarios-organizam-campanha-do-agasalho-para-pessoas-de-rua-participe","status":"publish","type":"post","link":"http:\/\/mspontocom.com.br\/site\/universitarios-organizam-campanha-do-agasalho-para-pessoas-de-rua-participe\/","title":{"rendered":"Universit\u00e1rios organizam campanha do agasalho para pessoas de rua. Participe!"},"content":{"rendered":"<p style=\"text-align: justify;\"><a href=\"https:\/\/mspontocom.com.br\/site\/wp-content\/uploads\/2017\/05\/agasalho11.jpg\"><img loading=\"lazy\" class=\"alignleft size-full wp-image-121528\" alt=\"agasalho1\" src=\"https:\/\/mspontocom.com.br\/site\/wp-content\/uploads\/2017\/05\/agasalho11.jpg\" width=\"310\" height=\"310\" \/><\/a>At\u00e9<strong> 10 de junho<\/strong>, a Uniderp Agr\u00e1rias torna-se um ponto de coleta para doa\u00e7\u00e3o de agasalhos, que ser\u00e3o destinados para pessoas em situa\u00e7\u00e3o de rua.<\/p>\n<p style=\"text-align: justify;\">O coordenador Alexandre Carneiro explica que ser\u00e3o arrecadados cal\u00e7ados, roupas e cobertores.<\/p>\n<p style=\"text-align: justify;\"><span style=\"color: #000000;\">Em 2016, mais de 100 acad\u00eamicos deram um exemplo de solidariedade e beneficiaram cerca de 30 fam\u00edlias transferidas da comunidade Cidade de Deus para o bairro Vespasiano Martins, regi\u00e3o sul de Campo Grande. <\/span><\/p>\n<p style=\"text-align: justify;\"><span style=\"color: #000000;\">Al\u00e9m disso, o grupo distribuiu 200 cobertores a indiv\u00edduos em situa\u00e7\u00e3o de rua no Centro.<\/span><\/p>\n<p style=\"text-align: justify;\"><strong>As doa\u00e7\u00f5es podem ser entregues para a coordena\u00e7\u00e3o do curso de Educa\u00e7\u00e3o F\u00edsica, nos per\u00edodos matutino e noturno.\u00a0<\/strong><\/p>\n<p style=\"text-align: justify;\"><strong>SERVI\u00c7O<\/strong><em><br \/>\nUniderp | Campanha Seja Solid\u00e1rio<br \/>\n<\/em><strong>Data<\/strong><em>: at\u00e9 10 de junho<\/em><br \/>\n<strong>Coleta<\/strong>: Uniderp Agr\u00e1rias \u2013 coordena\u00e7\u00e3o de Educa\u00e7\u00e3o F\u00edsica<br \/>\n<strong>Endere\u00e7o<\/strong>: Rua Alexandre Herculano, 1400 &#8211; Jardim Veraneio<br \/>\n<strong>Informa\u00e7\u00f5es:\u00a0<\/strong>(67)<strong>\u00a0<\/strong>3309-6573<\/p>\n","protected":false},"excerpt":{"rendered":"<p>At\u00e9 10 de junho, a Uniderp Agr\u00e1rias torna-se um ponto de coleta para doa\u00e7\u00e3o de agasalhos, que ser\u00e3o destinados para pessoas em situa\u00e7\u00e3o de rua. O coordenador Alexandre Carneiro explica que ser\u00e3o arrecadados cal\u00e7ados, roupas e cobertores. Em 2016, mais de 100 acad\u00eamicos deram um exemplo de solidariedade e beneficiaram cerca de 30 fam\u00edlias transferidas [&hellip;]<\/p>\n","protected":false},"author":2,"featured_media":0,"comment_status":"open","ping_status":"open","sticky":false,"template":"","format":"standard","meta":{"_monsterinsights_skip_tracking":false,"_monsterinsights_sitenote_active":false,"_monsterinsights_sitenote_note":"","_monsterinsights_sitenote_category":0},"categories":[4328],"tags":[29138,1096,6587,8054,15170],"aioseo_notices":[],"_links":{"self":[{"href":"http:\/\/mspontocom.com.br\/site\/wp-json\/wp\/v2\/posts\/121527"}],"collection":[{"href":"http:\/\/mspontocom.com.br\/site\/wp-json\/wp\/v2\/posts"}],"about":[{"href":"http:\/\/mspontocom.com.br\/site\/wp-json\/wp\/v2\/types\/post"}],"author":[{"embeddable":true,"href":"http:\/\/mspontocom.com.br\/site\/wp-json\/wp\/v2\/users\/2"}],"replies":[{"embeddable":true,"href":"http:\/\/mspontocom.com.br\/site\/wp-json\/wp\/v2\/comments?post=121527"}],"version-history":[{"count":0,"href":"http:\/\/mspontocom.com.br\/site\/wp-json\/wp\/v2\/posts\/121527\/revisions"}],"wp:attachment":[{"href":"http:\/\/mspontocom.com.br\/site\/wp-json\/wp\/v2\/media?parent=121527"}],"wp:term":[{"taxonomy":"category","embeddable":true,"href":"http:\/\/mspontocom.com.br\/site\/wp-json\/wp\/v2\/categories?post=121527"},{"taxonomy":"post_tag","embeddable":true,"href":"http:\/\/mspontocom.com.br\/site\/wp-json\/wp\/v2\/tags?post=121527"}],"curies":[{"name":"wp","href":"https:\/\/api.w.org\/{rel}","templated":true}]}}