{"id":121892,"date":"2017-06-05T08:30:05","date_gmt":"2017-06-05T12:30:05","guid":{"rendered":"https:\/\/mspontocom.com.br\/site\/?p=121892"},"modified":"2017-06-05T06:49:54","modified_gmt":"2017-06-05T10:49:54","slug":"campo-grande-simposio-dia-mundial-do-meio-ambiente-inscricoes-gratuitas","status":"publish","type":"post","link":"http:\/\/mspontocom.com.br\/site\/campo-grande-simposio-dia-mundial-do-meio-ambiente-inscricoes-gratuitas\/","title":{"rendered":"Campo Grande: Simp\u00f3sio Dia Mundial do Meio Ambiente. Inscri\u00e7\u00f5es gratuitas"},"content":{"rendered":"<p style=\"text-align: justify;\"><a href=\"https:\/\/mspontocom.com.br\/site\/wp-content\/uploads\/2017\/06\/meio-ambiente.jpeg\"><img loading=\"lazy\" class=\"alignleft size-full wp-image-121893\" alt=\"meio ambiente\" src=\"https:\/\/mspontocom.com.br\/site\/wp-content\/uploads\/2017\/06\/meio-ambiente.jpeg\" width=\"300\" height=\"280\" \/><\/a>Como parte das a\u00e7\u00f5es em celebra\u00e7\u00e3o ao Dia Mundial do Meio Ambiente, a Prefeitura Municipal de Campo Grande realiza nos pr\u00f3ximos dias 5 e 6 o \u00a0<strong>II Simp\u00f3sio de Meio Ambiente e Gest\u00e3o Urbana \u2013 Um Olhar Integrado.<\/strong><\/p>\n<p style=\"text-align: justify;\">O evento prop\u00f5e \u00a0reflex\u00e3o sobre a import\u00e2ncia da integra\u00e7\u00e3o das pol\u00edticas p\u00fablicas de gest\u00e3o urbana, abrangendo os diversos aspectos presentes na atualidade.<\/p>\n<p style=\"text-align: justify;\"><span style=\"color: #ff0000;\">As inscri\u00e7\u00f5es s\u00e3o gratuitas e devem ser realizadas no site da Semadur<\/span>\u00a0<a href=\"https:\/\/www.capital.ms.gov.br\/semadur\">https:\/\/www.capital.ms.gov.br\/semadur<\/a><\/p>\n<p style=\"text-align: justify;\"><strong>Programa\u00e7\u00e3o<\/strong><\/p>\n<p style=\"text-align: justify;\">O evento ter\u00e1 in\u00edcio no dia 5 de junho, \u00e0s 18 horas, com o credenciamento e entrega de material aos participantes, no Complexo Multiuso da UFMS, Audit\u00f3rio 02, em frente ao Teatro Glauce Rocha.<\/p>\n<p style=\"text-align: justify;\">\u00c0s 20h ter\u00e1 in\u00edcio a palestra magna \u201cDesenvolvimento e Gest\u00e3o Urbana Sustent\u00e1veis\/Desafios e Possibilidades\u201d, ministrada pelo arquiteto e urbanista Roberto Montezuma Carneiro da Cunha, presidente do Conselho de Arquitetura e Urbanismo de Pernambuco (CAU\/PE), professor na Universidade Federal de Pernambuco (UFPE) e tamb\u00e9m Presidente do Instituto ARQBR \u2013 Arquitetura Brasil.<\/p>\n<p style=\"text-align: justify;\">No dia 6 de junho, a partir das 8 horas, o II Simp\u00f3sio ter\u00e1 continuidade com a Palestra\/Painel: \u201cArboriza\u00e7\u00e3o Urbana \u2013 Benef\u00edcios no Planejamento Ambiental das cidades\u201d, a ser ministrada pelo arquiteto e urbanista, Professor Doutor da UFMS, Gutemberg Weingartner.<\/p>\n<p style=\"text-align: justify;\">Ainda no per\u00edodo matutino, a programa\u00e7\u00e3o prev\u00ea a Palestra\/Painel: \u201cEspa\u00e7os P\u00fablicos e qualidade de vida nas cidades (Ressignifica\u00e7\u00e3o dos espa\u00e7os: Parques e Jardins Urbanos), tamb\u00e9m ministrada pelo Prof. Dr. da UFMS, Gutemberg Weingartner.<\/p>\n<p style=\"text-align: justify;\">No per\u00edodo vespertino, a partir das 14 horas, o II Simp\u00f3sio prop\u00f5e a Palestra\/Painel: \u201cO Minist\u00e9rio P\u00fablico do Estado de Mato Grosso do Sul (MPE-MS) \u2013 Um Olhar Integrado para o Meio Ambiente e a Gest\u00e3o Urbana\u201d, que ser\u00e1 ministrada pelos Promotores Dr. Luciano Furtado Loubet, Diretor do N\u00facleo Ambiental do MPE-MS e Dra. Andr\u00e9ia Cristina Peres da Silva, da 42\u00aa Promotoria de Justi\u00e7a de Campo Grande.<\/p>\n<p style=\"text-align: justify;\"><strong>Servi\u00e7o<\/strong><\/p>\n<p style=\"text-align: justify;\">Mais Informa\u00e7\u00f5es pelo telefone 3314 3297.<\/p>\n<p style=\"text-align: justify;\">\n","protected":false},"excerpt":{"rendered":"<p>Como parte das a\u00e7\u00f5es em celebra\u00e7\u00e3o ao Dia Mundial do Meio Ambiente, a Prefeitura Municipal de Campo Grande realiza nos pr\u00f3ximos dias 5 e 6 o \u00a0II Simp\u00f3sio de Meio Ambiente e Gest\u00e3o Urbana \u2013 Um Olhar Integrado. O evento prop\u00f5e \u00a0reflex\u00e3o sobre a import\u00e2ncia da integra\u00e7\u00e3o das pol\u00edticas p\u00fablicas de gest\u00e3o urbana, abrangendo os [&hellip;]<\/p>\n","protected":false},"author":2,"featured_media":0,"comment_status":"open","ping_status":"open","sticky":false,"template":"","format":"standard","meta":{"_monsterinsights_skip_tracking":false,"_monsterinsights_sitenote_active":false,"_monsterinsights_sitenote_note":"","_monsterinsights_sitenote_category":0},"categories":[4328],"tags":[123,5167,22649,6587,7215],"aioseo_notices":[],"_links":{"self":[{"href":"http:\/\/mspontocom.com.br\/site\/wp-json\/wp\/v2\/posts\/121892"}],"collection":[{"href":"http:\/\/mspontocom.com.br\/site\/wp-json\/wp\/v2\/posts"}],"about":[{"href":"http:\/\/mspontocom.com.br\/site\/wp-json\/wp\/v2\/types\/post"}],"author":[{"embeddable":true,"href":"http:\/\/mspontocom.com.br\/site\/wp-json\/wp\/v2\/users\/2"}],"replies":[{"embeddable":true,"href":"http:\/\/mspontocom.com.br\/site\/wp-json\/wp\/v2\/comments?post=121892"}],"version-history":[{"count":0,"href":"http:\/\/mspontocom.com.br\/site\/wp-json\/wp\/v2\/posts\/121892\/revisions"}],"wp:attachment":[{"href":"http:\/\/mspontocom.com.br\/site\/wp-json\/wp\/v2\/media?parent=121892"}],"wp:term":[{"taxonomy":"category","embeddable":true,"href":"http:\/\/mspontocom.com.br\/site\/wp-json\/wp\/v2\/categories?post=121892"},{"taxonomy":"post_tag","embeddable":true,"href":"http:\/\/mspontocom.com.br\/site\/wp-json\/wp\/v2\/tags?post=121892"}],"curies":[{"name":"wp","href":"https:\/\/api.w.org\/{rel}","templated":true}]}}