{"id":122032,"date":"2017-06-06T10:25:07","date_gmt":"2017-06-06T14:25:07","guid":{"rendered":"https:\/\/mspontocom.com.br\/site\/?p=122032"},"modified":"2017-06-06T09:22:17","modified_gmt":"2017-06-06T13:22:17","slug":"escolas-de-campo-grande-farao-projetos-de-combate-ao-bullying","status":"publish","type":"post","link":"http:\/\/mspontocom.com.br\/site\/escolas-de-campo-grande-farao-projetos-de-combate-ao-bullying\/","title":{"rendered":"Escolas de Campo Grande far\u00e3o projetos de combate ao Bullying"},"content":{"rendered":"<p style=\"text-align: justify;\"><a href=\"https:\/\/mspontocom.com.br\/site\/wp-content\/uploads\/2017\/06\/nobullying-300x250e.png\"><img loading=\"lazy\" class=\"alignleft size-medium wp-image-122033\" alt=\"nobullying-300x250e\" src=\"https:\/\/mspontocom.com.br\/site\/wp-content\/uploads\/2017\/06\/nobullying-300x250e-260x216.png\" width=\"260\" height=\"216\" \/><\/a>Diretores e profissionais que participaram do 1\u00ba Encontro da Rede Municipal de Ensino: <strong>\u201cBullying e Cyberbullying: quando a brincadeira perde a gra\u00e7a!\u201d,<\/strong>\u00a0ser\u00e3o orientados a elaborar um plano de a\u00e7\u00f5es de combate ao bullying.<\/p>\n<p style=\"text-align: justify;\">A ideia \u00e9 pedir que todas as escolas elaborem um projeto de atividades, independente se o problema \u00e9 registrado na unidade.<\/p>\n<p style=\"text-align: justify;\">O plano de a\u00e7\u00f5es poder\u00e1 conter atividades diversas, desde palestras com alunos e comunidade escolar, at\u00e9 convite de entidades parceiras para tratar do tema nas escolas.<\/p>\n<p style=\"text-align: justify;\">As equipes da Semed tamb\u00e9m dar\u00e3o suporte aos diretores e professores, realizando palestras e rodas de conversas com pais, quando solicitado pela dire\u00e7\u00e3o da escola.<\/p>\n<p style=\"text-align: justify;\"><strong>Exposi\u00e7\u00e3o<\/strong><\/p>\n<p style=\"text-align: justify;\">A necessidade de incentivar a crian\u00e7a ou adolescente v\u00edtima do bullying a falar sobre seus sentimentos \u00e9 defendida pelo especialista em psiquiatria da inf\u00e2ncia e adolesc\u00eancia, Rodrigo Abdo Ferreira.<\/p>\n<p style=\"text-align: justify;\">Segundo o psiquiatra, o comportamento introvertido leva ao isolamento social, depress\u00e3o, podendo, inclusive, levar ao suic\u00eddio. \u201cNingu\u00e9m vive sozinho. \u00c9 importante conversar com esse aluno e fazer com que ele conte o que est\u00e1 acontecendo e n\u00e3o silencie\u201d, argumentou.<\/p>\n<p style=\"text-align: justify;\">\n","protected":false},"excerpt":{"rendered":"<p>Diretores e profissionais que participaram do 1\u00ba Encontro da Rede Municipal de Ensino: \u201cBullying e Cyberbullying: quando a brincadeira perde a gra\u00e7a!\u201d,\u00a0ser\u00e3o orientados a elaborar um plano de a\u00e7\u00f5es de combate ao bullying. A ideia \u00e9 pedir que todas as escolas elaborem um projeto de atividades, independente se o problema \u00e9 registrado na unidade. O [&hellip;]<\/p>\n","protected":false},"author":2,"featured_media":0,"comment_status":"open","ping_status":"open","sticky":false,"template":"","format":"standard","meta":{"_monsterinsights_skip_tracking":false,"_monsterinsights_sitenote_active":false,"_monsterinsights_sitenote_note":"","_monsterinsights_sitenote_category":0},"categories":[4328,76],"tags":[8647,123,29263,7277,104,105,6587,813],"aioseo_notices":[],"_links":{"self":[{"href":"http:\/\/mspontocom.com.br\/site\/wp-json\/wp\/v2\/posts\/122032"}],"collection":[{"href":"http:\/\/mspontocom.com.br\/site\/wp-json\/wp\/v2\/posts"}],"about":[{"href":"http:\/\/mspontocom.com.br\/site\/wp-json\/wp\/v2\/types\/post"}],"author":[{"embeddable":true,"href":"http:\/\/mspontocom.com.br\/site\/wp-json\/wp\/v2\/users\/2"}],"replies":[{"embeddable":true,"href":"http:\/\/mspontocom.com.br\/site\/wp-json\/wp\/v2\/comments?post=122032"}],"version-history":[{"count":0,"href":"http:\/\/mspontocom.com.br\/site\/wp-json\/wp\/v2\/posts\/122032\/revisions"}],"wp:attachment":[{"href":"http:\/\/mspontocom.com.br\/site\/wp-json\/wp\/v2\/media?parent=122032"}],"wp:term":[{"taxonomy":"category","embeddable":true,"href":"http:\/\/mspontocom.com.br\/site\/wp-json\/wp\/v2\/categories?post=122032"},{"taxonomy":"post_tag","embeddable":true,"href":"http:\/\/mspontocom.com.br\/site\/wp-json\/wp\/v2\/tags?post=122032"}],"curies":[{"name":"wp","href":"https:\/\/api.w.org\/{rel}","templated":true}]}}