{"id":122117,"date":"2017-06-08T13:31:06","date_gmt":"2017-06-08T17:31:06","guid":{"rendered":"https:\/\/mspontocom.com.br\/site\/?p=122117"},"modified":"2017-06-08T13:31:06","modified_gmt":"2017-06-08T17:31:06","slug":"prefeitura-de-campo-grande-abre-selecao-para-contratar-17-mil-temporarios","status":"publish","type":"post","link":"http:\/\/mspontocom.com.br\/site\/prefeitura-de-campo-grande-abre-selecao-para-contratar-17-mil-temporarios\/","title":{"rendered":"Prefeitura de Campo Grande abre sele\u00e7\u00e3o para contratar 1,7 mil tempor\u00e1rios"},"content":{"rendered":"<p style=\"text-align: justify;\"><a href=\"https:\/\/mspontocom.com.br\/site\/wp-content\/uploads\/2017\/06\/carteira-de-trabalho31.jpg\"><img loading=\"lazy\" class=\"alignleft size-full wp-image-122118\" alt=\"carteira-de-trabalho3\" src=\"https:\/\/mspontocom.com.br\/site\/wp-content\/uploads\/2017\/06\/carteira-de-trabalho31.jpg\" width=\"445\" height=\"334\" \/><\/a>A Prefeitura de Campo Grande, por meio da secretarias municipais de Gest\u00e3o e de Educa\u00e7\u00e3o, publicou no Di\u00e1rio Oficial desta quinta-feira (8) a abertura de um <strong>Processo Seletivo Simplificado<\/strong> para contrata\u00e7\u00e3o tempor\u00e1ria de 1.700 profissionais para atuar na fun\u00e7\u00e3o de Assistente de Educa\u00e7\u00e3o Infantil nos Centros de Educa\u00e7\u00e3o Infantil.<\/p>\n<p style=\"text-align: justify;\"><strong>A sele\u00e7\u00e3o envolve apenas a etapa da avalia\u00e7\u00e3o curricular (prova de t\u00edtulos). <\/strong><\/p>\n<p style=\"text-align: justify;\">O processo ter\u00e1 validade de um ano, podendo ser renovado por igual per\u00edodo.<\/p>\n<p style=\"text-align: justify;\"><strong>Inscri\u00e7\u00f5es\u00a0<\/strong><\/p>\n<p style=\"text-align: justify;\">As inscri\u00e7\u00f5es ser\u00e3o realizadas no per\u00edodo de 12 a 28 de junho de 2017, no hor\u00e1rio das 8 horas \u00e0s 10h30 e das 13h30 \u00e0s 16h30, no Espa\u00e7o de Forma\u00e7\u00e3o L\u00fadio Martins Coelho na Semed (Rua Onicieto Severo Monteiro, 460, Vila Margarida).<\/p>\n<p style=\"text-align: justify;\"><strong>Documenta\u00e7\u00e3o<\/strong><\/p>\n<p style=\"text-align: justify;\">Para efetivar a inscri\u00e7\u00e3o o candidato dever\u00e1 entregar a Ficha de Inscri\u00e7\u00e3o preenchida pelo pr\u00f3prio candidato (dispon\u00edvel no site: www.capital.ms.gov.br\/seges\/processo-seletivo-seges-e-semed), acompanhada de c\u00f3pia de um documento de identifica\u00e7\u00e3o, juntamente com o respectivo original, e c\u00f3pia do comprovante de conclus\u00e3o de escolaridade do ensino m\u00e9dio completo ou normal m\u00e9dio completo.<\/p>\n<p style=\"text-align: justify;\">Ao entregar a Ficha de Inscri\u00e7\u00e3o, o candidato receber\u00e1 comprovante, devidamente autenticado, por membro ou representante da Comiss\u00e3o Organizadora do Processo Seletivo, como documento comprobat\u00f3rio de sua inscri\u00e7\u00e3o. \u00a0Ap\u00f3s a inscri\u00e7\u00e3o n\u00e3o ser\u00e3o aceitos pedidos para quaisquer altera\u00e7\u00f5es.<\/p>\n<p style=\"text-align: justify;\"><strong>Atividades<\/strong><\/p>\n<p style=\"text-align: justify;\">Os selecionados ter\u00e3o que participar das atividades institucionais administrativas e pedag\u00f3gicas, desenvolver com as crian\u00e7as atividades culturais, esportivas, de lazer e relacionadas ao cuidar\/educar, orientados pelo coordenador pedag\u00f3gico e\/ou gestor da institui\u00e7\u00e3o.<\/p>\n<p style=\"text-align: justify;\">Auxiliar e realizar procedimentos de atendimento \u00e0s crian\u00e7as da institui\u00e7\u00e3o relativos ao bem-estar, acompanhar os professores nos encaminhamentos das atividades e da rotina de trabalho de cada institui\u00e7\u00e3o, entre outras atribui\u00e7\u00f5es.<\/p>\n","protected":false},"excerpt":{"rendered":"<p>A Prefeitura de Campo Grande, por meio da secretarias municipais de Gest\u00e3o e de Educa\u00e7\u00e3o, publicou no Di\u00e1rio Oficial desta quinta-feira (8) a abertura de um Processo Seletivo Simplificado para contrata\u00e7\u00e3o tempor\u00e1ria de 1.700 profissionais para atuar na fun\u00e7\u00e3o de Assistente de Educa\u00e7\u00e3o Infantil nos Centros de Educa\u00e7\u00e3o Infantil. A sele\u00e7\u00e3o envolve apenas a etapa [&hellip;]<\/p>\n","protected":false},"author":2,"featured_media":0,"comment_status":"open","ping_status":"open","sticky":false,"template":"","format":"standard","meta":{"_monsterinsights_skip_tracking":false,"_monsterinsights_sitenote_active":false,"_monsterinsights_sitenote_note":"","_monsterinsights_sitenote_category":0},"categories":[4328],"tags":[123,28517,348,6587,165,3074,1706],"aioseo_notices":[],"_links":{"self":[{"href":"http:\/\/mspontocom.com.br\/site\/wp-json\/wp\/v2\/posts\/122117"}],"collection":[{"href":"http:\/\/mspontocom.com.br\/site\/wp-json\/wp\/v2\/posts"}],"about":[{"href":"http:\/\/mspontocom.com.br\/site\/wp-json\/wp\/v2\/types\/post"}],"author":[{"embeddable":true,"href":"http:\/\/mspontocom.com.br\/site\/wp-json\/wp\/v2\/users\/2"}],"replies":[{"embeddable":true,"href":"http:\/\/mspontocom.com.br\/site\/wp-json\/wp\/v2\/comments?post=122117"}],"version-history":[{"count":0,"href":"http:\/\/mspontocom.com.br\/site\/wp-json\/wp\/v2\/posts\/122117\/revisions"}],"wp:attachment":[{"href":"http:\/\/mspontocom.com.br\/site\/wp-json\/wp\/v2\/media?parent=122117"}],"wp:term":[{"taxonomy":"category","embeddable":true,"href":"http:\/\/mspontocom.com.br\/site\/wp-json\/wp\/v2\/categories?post=122117"},{"taxonomy":"post_tag","embeddable":true,"href":"http:\/\/mspontocom.com.br\/site\/wp-json\/wp\/v2\/tags?post=122117"}],"curies":[{"name":"wp","href":"https:\/\/api.w.org\/{rel}","templated":true}]}}