{"id":122132,"date":"2017-06-09T08:23:54","date_gmt":"2017-06-09T12:23:54","guid":{"rendered":"https:\/\/mspontocom.com.br\/site\/?p=122132"},"modified":"2017-06-09T08:23:54","modified_gmt":"2017-06-09T12:23:54","slug":"embaixador-quer-atrair-investidores-suicos-para-campo-grande","status":"publish","type":"post","link":"http:\/\/mspontocom.com.br\/site\/embaixador-quer-atrair-investidores-suicos-para-campo-grande\/","title":{"rendered":"Embaixador quer atrair investidores su\u00ed\u00e7os para Campo Grande"},"content":{"rendered":"<p style=\"text-align: justify;\"><a href=\"https:\/\/mspontocom.com.br\/site\/wp-content\/uploads\/2017\/06\/sui\u00e7a.jpg\"><img loading=\"lazy\" class=\"alignleft size-full wp-image-122133\" alt=\"sui\u00e7a\" src=\"https:\/\/mspontocom.com.br\/site\/wp-content\/uploads\/2017\/06\/sui\u00e7a.jpg\" width=\"300\" height=\"163\" \/><\/a>O prefeito Marquinhos Trad recebeu, nesta quinta-feira (8), a visita do embaixador da Su\u00ed\u00e7a, Andr\u00e9 R\u00e9gli, que veio a Campo Grande para conhecer os potenciais da capital.<\/p>\n<p style=\"text-align: justify;\">Andre R\u00e9gli ficou convencido de que o Estado e, em especial a Capital, oferece muitos fatores positivos para atrair investidores su\u00ed\u00e7os.<\/p>\n<p style=\"text-align: justify;\"><span style=\"color: #ff0000;\">\u201cFizemos quest\u00e3o de conhecer os desafios do prefeito. J\u00e1 percebemos a beleza da cidade, que me parece um lugar agrad\u00e1vel para viver. Penso que Campo Grande nos oferece uma s\u00e9rie de possibilidades para futuras parcerias, principalmente na \u00e1rea da pesquisa. Quero apresentar tudo isso para os investidores na Su\u00ed\u00e7a com a perspectiva de estreitar essa rela\u00e7\u00e3o\u201d,<\/span> disse R\u00e9gli.<\/p>\n<p style=\"text-align: justify;\">O prefeito explanou as potencialidades de Campo Grande e colocou sua administra\u00e7\u00e3o \u00e0 disposi\u00e7\u00e3o da comitiva para fortalecer a rela\u00e7\u00e3o entre os pa\u00edses.<\/p>\n<p style=\"text-align: justify;\"><span style=\"color: #ff0000;\">\u201cA nossa capital apresenta um dos cen\u00e1rios mais favor\u00e1veis no pa\u00eds em termos de crescimento e desenvolvimento econ\u00f4mico e financeiro. Campo Grande \u00e9 bem planejada e est\u00e1 preparada para receber investidores, inclusive da Su\u00ed\u00e7a\u201d,<\/span> afirmou Trad.<\/p>\n<p style=\"text-align: justify;\">\n","protected":false},"excerpt":{"rendered":"<p>O prefeito Marquinhos Trad recebeu, nesta quinta-feira (8), a visita do embaixador da Su\u00ed\u00e7a, Andr\u00e9 R\u00e9gli, que veio a Campo Grande para conhecer os potenciais da capital. Andre R\u00e9gli ficou convencido de que o Estado e, em especial a Capital, oferece muitos fatores positivos para atrair investidores su\u00ed\u00e7os. \u201cFizemos quest\u00e3o de conhecer os desafios do [&hellip;]<\/p>\n","protected":false},"author":2,"featured_media":0,"comment_status":"open","ping_status":"open","sticky":false,"template":"","format":"standard","meta":{"_monsterinsights_skip_tracking":false,"_monsterinsights_sitenote_active":false,"_monsterinsights_sitenote_note":"","_monsterinsights_sitenote_category":0},"categories":[4328,15],"tags":[29283,123,147,7989,25891,6587,23877],"aioseo_notices":[],"_links":{"self":[{"href":"http:\/\/mspontocom.com.br\/site\/wp-json\/wp\/v2\/posts\/122132"}],"collection":[{"href":"http:\/\/mspontocom.com.br\/site\/wp-json\/wp\/v2\/posts"}],"about":[{"href":"http:\/\/mspontocom.com.br\/site\/wp-json\/wp\/v2\/types\/post"}],"author":[{"embeddable":true,"href":"http:\/\/mspontocom.com.br\/site\/wp-json\/wp\/v2\/users\/2"}],"replies":[{"embeddable":true,"href":"http:\/\/mspontocom.com.br\/site\/wp-json\/wp\/v2\/comments?post=122132"}],"version-history":[{"count":0,"href":"http:\/\/mspontocom.com.br\/site\/wp-json\/wp\/v2\/posts\/122132\/revisions"}],"wp:attachment":[{"href":"http:\/\/mspontocom.com.br\/site\/wp-json\/wp\/v2\/media?parent=122132"}],"wp:term":[{"taxonomy":"category","embeddable":true,"href":"http:\/\/mspontocom.com.br\/site\/wp-json\/wp\/v2\/categories?post=122132"},{"taxonomy":"post_tag","embeddable":true,"href":"http:\/\/mspontocom.com.br\/site\/wp-json\/wp\/v2\/tags?post=122132"}],"curies":[{"name":"wp","href":"https:\/\/api.w.org\/{rel}","templated":true}]}}