{"id":122163,"date":"2017-06-10T08:25:10","date_gmt":"2017-06-10T12:25:10","guid":{"rendered":"https:\/\/mspontocom.com.br\/site\/?p=122163"},"modified":"2017-06-10T07:29:17","modified_gmt":"2017-06-10T11:29:17","slug":"campo-grande-prefeitura-altera-data-de-inscricao-para-contratacao-de-temporarios","status":"publish","type":"post","link":"http:\/\/mspontocom.com.br\/site\/campo-grande-prefeitura-altera-data-de-inscricao-para-contratacao-de-temporarios\/","title":{"rendered":"Campo Grande: Prefeitura altera data de inscri\u00e7\u00e3o para contrata\u00e7\u00e3o de tempor\u00e1rios"},"content":{"rendered":"<p style=\"text-align: justify;\"><a href=\"https:\/\/mspontocom.com.br\/site\/wp-content\/uploads\/2017\/06\/carteira-de-trabalho.jpg\"><img loading=\"lazy\" class=\"alignleft size-full wp-image-122164\" alt=\"carteira de trabalho\" src=\"https:\/\/mspontocom.com.br\/site\/wp-content\/uploads\/2017\/06\/carteira-de-trabalho.jpg\" width=\"272\" height=\"185\" \/><\/a>A Prefeitura de Campo Grande republicou no Di\u00e1rio Oficial desta sexta-feira (9), a abertura do Processo Seletivo Simplificado para<strong> contrata\u00e7\u00e3o tempor\u00e1ria de 1.700 profissionais<\/strong> para atuar na fun\u00e7\u00e3o de Assistente de Educa\u00e7\u00e3o Infantil nos Ceinfs (Centros de Educa\u00e7\u00e3o Infantil).<\/p>\n<p style=\"text-align: justify;\">O \u00a0sal\u00e1rio \u00e9 de R$ 1,2 mil, para carga hor\u00e1ria de 40 horas semanais.<\/p>\n<p style=\"text-align: justify;\">A republica\u00e7\u00e3o ocorreu devido a altera\u00e7\u00e3o nas datas de inscri\u00e7\u00e3o, que poder\u00e3o ser realizadas nos dias 12, 14, 19, 20, 21, 22 e 23 de junho.<\/p>\n<p style=\"text-align: justify;\">O hor\u00e1rio que o candidato pode se dirigir a Secretaria Municipal de Educa\u00e7\u00e3o para efetivar a inscri\u00e7\u00e3o permanece das 8h \u00e0s 10h30 e das 13h30 \u00e0s 16h30, no Espa\u00e7o de Forma\u00e7\u00e3o L\u00fadio Martins Coelho na Semed (Rua Onicieto Severo Monteiro, 460, Vila Margarida).<\/p>\n<p style=\"text-align: justify;\"><strong>O link para a ficha de inscri\u00e7\u00e3o estar\u00e1 dispon\u00edvel apenas no in\u00edcio da data de inscri\u00e7\u00e3o.<\/strong><\/p>\n<p style=\"text-align: justify;\"><strong>\u00a0<\/strong><\/p>\n","protected":false},"excerpt":{"rendered":"<p>A Prefeitura de Campo Grande republicou no Di\u00e1rio Oficial desta sexta-feira (9), a abertura do Processo Seletivo Simplificado para contrata\u00e7\u00e3o tempor\u00e1ria de 1.700 profissionais para atuar na fun\u00e7\u00e3o de Assistente de Educa\u00e7\u00e3o Infantil nos Ceinfs (Centros de Educa\u00e7\u00e3o Infantil). O \u00a0sal\u00e1rio \u00e9 de R$ 1,2 mil, para carga hor\u00e1ria de 40 horas semanais. A republica\u00e7\u00e3o [&hellip;]<\/p>\n","protected":false},"author":2,"featured_media":0,"comment_status":"open","ping_status":"open","sticky":false,"template":"","format":"standard","meta":{"_monsterinsights_skip_tracking":false,"_monsterinsights_sitenote_active":false,"_monsterinsights_sitenote_note":"","_monsterinsights_sitenote_category":0},"categories":[4328,15],"tags":[123,7083,348,866,6587,165,1706],"aioseo_notices":[],"_links":{"self":[{"href":"http:\/\/mspontocom.com.br\/site\/wp-json\/wp\/v2\/posts\/122163"}],"collection":[{"href":"http:\/\/mspontocom.com.br\/site\/wp-json\/wp\/v2\/posts"}],"about":[{"href":"http:\/\/mspontocom.com.br\/site\/wp-json\/wp\/v2\/types\/post"}],"author":[{"embeddable":true,"href":"http:\/\/mspontocom.com.br\/site\/wp-json\/wp\/v2\/users\/2"}],"replies":[{"embeddable":true,"href":"http:\/\/mspontocom.com.br\/site\/wp-json\/wp\/v2\/comments?post=122163"}],"version-history":[{"count":0,"href":"http:\/\/mspontocom.com.br\/site\/wp-json\/wp\/v2\/posts\/122163\/revisions"}],"wp:attachment":[{"href":"http:\/\/mspontocom.com.br\/site\/wp-json\/wp\/v2\/media?parent=122163"}],"wp:term":[{"taxonomy":"category","embeddable":true,"href":"http:\/\/mspontocom.com.br\/site\/wp-json\/wp\/v2\/categories?post=122163"},{"taxonomy":"post_tag","embeddable":true,"href":"http:\/\/mspontocom.com.br\/site\/wp-json\/wp\/v2\/tags?post=122163"}],"curies":[{"name":"wp","href":"https:\/\/api.w.org\/{rel}","templated":true}]}}