{"id":122209,"date":"2017-06-12T08:35:23","date_gmt":"2017-06-12T12:35:23","guid":{"rendered":"https:\/\/mspontocom.com.br\/site\/?p=122209"},"modified":"2017-06-12T07:39:14","modified_gmt":"2017-06-12T11:39:14","slug":"comeca-hoje-selecao-de-temporarios-para-a-prefeitura-de-campo-grande","status":"publish","type":"post","link":"http:\/\/mspontocom.com.br\/site\/comeca-hoje-selecao-de-temporarios-para-a-prefeitura-de-campo-grande\/","title":{"rendered":"Come\u00e7a hoje sele\u00e7\u00e3o de tempor\u00e1rios para a Prefeitura de Campo Grande"},"content":{"rendered":"<p style=\"text-align: justify;\"><a href=\"https:\/\/mspontocom.com.br\/site\/wp-content\/uploads\/2017\/06\/carteira-de-trabalho32.jpg\"><img loading=\"lazy\" class=\"alignleft size-full wp-image-122210\" alt=\"carteira-de-trabalho3\" src=\"https:\/\/mspontocom.com.br\/site\/wp-content\/uploads\/2017\/06\/carteira-de-trabalho32.jpg\" width=\"445\" height=\"334\" \/><\/a>A Prefeitura de Campo Grande republicou no Di\u00e1rio Oficial desta sexta-feira (9), a abertura do Processo Seletivo Simplificado para<b>\u00a0<\/b><strong>contrata\u00e7\u00e3o tempor\u00e1ria de 1.700 profissionais<\/strong>\u00a0para atuar na fun\u00e7\u00e3o de Assistente de Educa\u00e7\u00e3o Infantil nos Ceinfs (Centros de Educa\u00e7\u00e3o Infantil).<\/p>\n<p style=\"text-align: justify;\">O \u00a0sal\u00e1rio \u00e9 de R$ 1,2 mil, para carga hor\u00e1ria de 40 horas semanais.<\/p>\n<p style=\"text-align: justify;\">As inscri\u00e7\u00f5es poder\u00e3o ser realizadas nos dias 12, 14, 19, 20, 21, 22 e 23 de junho.<\/p>\n<p style=\"text-align: justify;\">O hor\u00e1rio que o candidato pode se dirigir a Secretaria Municipal de Educa\u00e7\u00e3o para efetivar a inscri\u00e7\u00e3o permanece das 8h \u00e0s 10h30 e das 13h30 \u00e0s 16h30, no Espa\u00e7o de Forma\u00e7\u00e3o L\u00fadio Martins Coelho na Semed (Rua Onicieto Severo Monteiro, 460, Vila Margarida).<\/p>\n","protected":false},"excerpt":{"rendered":"<p>A Prefeitura de Campo Grande republicou no Di\u00e1rio Oficial desta sexta-feira (9), a abertura do Processo Seletivo Simplificado para\u00a0contrata\u00e7\u00e3o tempor\u00e1ria de 1.700 profissionais\u00a0para atuar na fun\u00e7\u00e3o de Assistente de Educa\u00e7\u00e3o Infantil nos Ceinfs (Centros de Educa\u00e7\u00e3o Infantil). O \u00a0sal\u00e1rio \u00e9 de R$ 1,2 mil, para carga hor\u00e1ria de 40 horas semanais. As inscri\u00e7\u00f5es poder\u00e3o ser [&hellip;]<\/p>\n","protected":false},"author":2,"featured_media":0,"comment_status":"open","ping_status":"open","sticky":false,"template":"","format":"standard","meta":{"_monsterinsights_skip_tracking":false,"_monsterinsights_sitenote_active":false,"_monsterinsights_sitenote_note":"","_monsterinsights_sitenote_category":0},"categories":[4328,15],"tags":[123,348,6587,165,3074,1706],"aioseo_notices":[],"_links":{"self":[{"href":"http:\/\/mspontocom.com.br\/site\/wp-json\/wp\/v2\/posts\/122209"}],"collection":[{"href":"http:\/\/mspontocom.com.br\/site\/wp-json\/wp\/v2\/posts"}],"about":[{"href":"http:\/\/mspontocom.com.br\/site\/wp-json\/wp\/v2\/types\/post"}],"author":[{"embeddable":true,"href":"http:\/\/mspontocom.com.br\/site\/wp-json\/wp\/v2\/users\/2"}],"replies":[{"embeddable":true,"href":"http:\/\/mspontocom.com.br\/site\/wp-json\/wp\/v2\/comments?post=122209"}],"version-history":[{"count":0,"href":"http:\/\/mspontocom.com.br\/site\/wp-json\/wp\/v2\/posts\/122209\/revisions"}],"wp:attachment":[{"href":"http:\/\/mspontocom.com.br\/site\/wp-json\/wp\/v2\/media?parent=122209"}],"wp:term":[{"taxonomy":"category","embeddable":true,"href":"http:\/\/mspontocom.com.br\/site\/wp-json\/wp\/v2\/categories?post=122209"},{"taxonomy":"post_tag","embeddable":true,"href":"http:\/\/mspontocom.com.br\/site\/wp-json\/wp\/v2\/tags?post=122209"}],"curies":[{"name":"wp","href":"https:\/\/api.w.org\/{rel}","templated":true}]}}