{"id":122328,"date":"2017-06-16T08:51:47","date_gmt":"2017-06-16T12:51:47","guid":{"rendered":"https:\/\/mspontocom.com.br\/site\/?p=122328"},"modified":"2017-06-16T08:41:59","modified_gmt":"2017-06-16T12:41:59","slug":"campo-grande-iel-abre-inscricoes-para-tres-cursos-executivos","status":"publish","type":"post","link":"http:\/\/mspontocom.com.br\/site\/campo-grande-iel-abre-inscricoes-para-tres-cursos-executivos\/","title":{"rendered":"Campo Grande: IEL abre inscri\u00e7\u00f5es para tr\u00eas cursos executivos"},"content":{"rendered":"<p style=\"text-align: justify;\"><a href=\"https:\/\/mspontocom.com.br\/site\/wp-content\/uploads\/2017\/06\/curso-executivos.jpg\"><img loading=\"lazy\" class=\"alignleft size-full wp-image-122329\" alt=\"curso-executivos\" src=\"https:\/\/mspontocom.com.br\/site\/wp-content\/uploads\/2017\/06\/curso-executivos.jpg\" width=\"870\" height=\"362\" \/><\/a>Como parte do Programa de Educa\u00e7\u00e3o Empresarial, o <strong>IEL de Campo Grande<\/strong> est\u00e1 com inscri\u00e7\u00f5es abertas para os cursos de Gest\u00e3o Financeira, Gest\u00e3o Organizacional e Gest\u00e3o de Marketing.<\/p>\n<p style=\"text-align: justify;\"><span style=\"color: #ff0000;\">As capacita\u00e7\u00f5es s\u00e3o voltadas para empres\u00e1rios e gestores respons\u00e1veis por decis\u00f5es estrat\u00e9gicas para as empresas.\u00a0<\/span><\/p>\n<p style=\"text-align: justify;\"><strong>Cursos\u00a0<\/strong><\/p>\n<p style=\"text-align: justify;\">O curso de <strong>Gest\u00e3o Financeira<\/strong> tem carga hor\u00e1ria de 20 horas e ser\u00e1 realizado entre os dias 19 a 23 de junho. Ministrado pelo instrutor Bruno de Barros Solano, especialista MBA em Gest\u00e3o Tribut\u00e1ria e Controladoria com experi\u00eancia em auditoria externa em empresas de grande porte, projetos de viabilidade econ\u00f4mica e plano de neg\u00f3cios.<\/p>\n<p style=\"text-align: justify;\">Com carga hor\u00e1ria de 8 horas, o curso de <strong>Gest\u00e3o Organizacional<\/strong> tem o objetivo de contribuir para que os empres\u00e1rios possam conduzir seus neg\u00f3cios de forma estrat\u00e9gica e sustent\u00e1vel, por meio de um gerenciamento eficiente de seus recursos, e ser\u00e1 oferecido nos dias 26 e 27 de junho.<\/p>\n<p style=\"text-align: justify;\">O curso de <strong>Gest\u00e3o de Marketing<\/strong> voltado para auxiliar gestores e empres\u00e1rios no conhecimento do mercado, gerenciamento de vendas, promo\u00e7\u00e3o comercial e p\u00f3s-vendas, al\u00e9m da compreens\u00e3o desses aspectos como base da estrat\u00e9gia para conquistar mercados e alcan\u00e7ar a fideliza\u00e7\u00e3o dos clientes. A carga hor\u00e1ria \u00e9 de 8 horas e o curso ser\u00e1 ministrado nos dias 28 e 29 de junho.<\/p>\n<p style=\"text-align: justify;\"><strong><i>Servi\u00e7o<\/i><\/strong><\/p>\n<p style=\"text-align: justify;\"><i>\u00a0Inscri\u00e7\u00f5es e mais informa\u00e7\u00f5es pelo telefone (67) 3044-2103\/2106 ou pelo site<a href=\"https:\/\/www.fiems.com.br\/iel\" target=\"_blank\">www.fiems.com.br\/iel<\/a><\/i><\/p>\n<p style=\"text-align: justify;\">Os cursos s\u00e3o oferecidos no per\u00edodo noturno, sempre das 18h30 \u00e0s 22h30, na sala de treinamentos do IEL, que fica na Avenida Afonso Pena, 1.031, Bairro Amamba\u00ed.<\/p>\n<p style=\"text-align: justify;\">\n","protected":false},"excerpt":{"rendered":"<p>Como parte do Programa de Educa\u00e7\u00e3o Empresarial, o IEL de Campo Grande est\u00e1 com inscri\u00e7\u00f5es abertas para os cursos de Gest\u00e3o Financeira, Gest\u00e3o Organizacional e Gest\u00e3o de Marketing. As capacita\u00e7\u00f5es s\u00e3o voltadas para empres\u00e1rios e gestores respons\u00e1veis por decis\u00f5es estrat\u00e9gicas para as empresas.\u00a0 Cursos\u00a0 O curso de Gest\u00e3o Financeira tem carga hor\u00e1ria de 20 horas [&hellip;]<\/p>\n","protected":false},"author":2,"featured_media":0,"comment_status":"open","ping_status":"open","sticky":false,"template":"","format":"standard","meta":{"_monsterinsights_skip_tracking":false,"_monsterinsights_sitenote_active":false,"_monsterinsights_sitenote_note":"","_monsterinsights_sitenote_category":0},"categories":[4328,15],"tags":[123,29318,147,9274,455,6587],"aioseo_notices":[],"_links":{"self":[{"href":"http:\/\/mspontocom.com.br\/site\/wp-json\/wp\/v2\/posts\/122328"}],"collection":[{"href":"http:\/\/mspontocom.com.br\/site\/wp-json\/wp\/v2\/posts"}],"about":[{"href":"http:\/\/mspontocom.com.br\/site\/wp-json\/wp\/v2\/types\/post"}],"author":[{"embeddable":true,"href":"http:\/\/mspontocom.com.br\/site\/wp-json\/wp\/v2\/users\/2"}],"replies":[{"embeddable":true,"href":"http:\/\/mspontocom.com.br\/site\/wp-json\/wp\/v2\/comments?post=122328"}],"version-history":[{"count":0,"href":"http:\/\/mspontocom.com.br\/site\/wp-json\/wp\/v2\/posts\/122328\/revisions"}],"wp:attachment":[{"href":"http:\/\/mspontocom.com.br\/site\/wp-json\/wp\/v2\/media?parent=122328"}],"wp:term":[{"taxonomy":"category","embeddable":true,"href":"http:\/\/mspontocom.com.br\/site\/wp-json\/wp\/v2\/categories?post=122328"},{"taxonomy":"post_tag","embeddable":true,"href":"http:\/\/mspontocom.com.br\/site\/wp-json\/wp\/v2\/tags?post=122328"}],"curies":[{"name":"wp","href":"https:\/\/api.w.org\/{rel}","templated":true}]}}