{"id":122361,"date":"2017-06-17T09:52:05","date_gmt":"2017-06-17T13:52:05","guid":{"rendered":"https:\/\/mspontocom.com.br\/site\/?p=122361"},"modified":"2017-06-17T08:19:53","modified_gmt":"2017-06-17T12:19:53","slug":"discussao-do-plano-diretor-de-campo-grande-participe","status":"publish","type":"post","link":"http:\/\/mspontocom.com.br\/site\/discussao-do-plano-diretor-de-campo-grande-participe\/","title":{"rendered":"Discuss\u00e3o do Plano Diretor de Campo Grande. Participe!"},"content":{"rendered":"<p style=\"text-align: justify;\"><a href=\"https:\/\/mspontocom.com.br\/site\/wp-content\/uploads\/2017\/06\/plano.jpg\"><img loading=\"lazy\" class=\"alignleft size-full wp-image-122362\" alt=\"plano\" src=\"https:\/\/mspontocom.com.br\/site\/wp-content\/uploads\/2017\/06\/plano.jpg\" width=\"800\" height=\"450\" \/><\/a>A<strong> Planurb<\/strong> informa que dar\u00e1 in\u00edcio a partir da pr\u00f3xima segunda-feira (19\/06) \u00e0s reuni\u00f5es com a popula\u00e7\u00e3o para discutir a modelagem final da revis\u00e3o do <strong>Plano Diretor de Campo Grande.<\/strong><\/p>\n<p style=\"text-align: justify;\">O Estatuto das Cidades estabelece que a participa\u00e7\u00e3o direta dos moradores da cidade \u00e9 fator fundamental na reformula\u00e7\u00e3o da legisla\u00e7\u00e3o que ordena o crescimento das cidades.<\/p>\n<p style=\"text-align: justify;\">A retomada dos procedimentos envolver\u00e1 os 74 bairros e os 2 distritos (Anhandui e Rochedinho), come\u00e7ando pela \u00e1rea central (veja\u00a0<a href=\"https:\/\/www.capital.ms.gov.br\/cgnoticias\/wp-content\/uploads\/sites\/3\/2017\/06\/Cronograma_reuni%C3%B5es_bairros_Plano_Diretor_final.pdf\">Cronograma_reuni\u00f5es_bairros_Plano_Diretor_final<\/a>\u00a0o cronograma de reuni\u00f5es).<\/p>\n<p style=\"text-align: justify;\">As primeiras reuni\u00f5es acontecer\u00e3o com os moradores dos bairros Bela Vista, S\u00e3o Bento, Itanhang\u00e1 (Escola Bil\u00edngue Harmonia) \u00a0e Vila Carvalho (Escola Bernardo Franco Ba\u00eds) das 18 horas e 30 min \u00e0s 20 horas e 30 min.<\/p>\n<p style=\"text-align: justify;\">Na pr\u00f3xima segunda-feira, o prefeito Marquinhos Trad far\u00e1 reuni\u00e3o de lan\u00e7amento da retomada da elabora\u00e7\u00e3o do Plano Diretor, \u00e0s 9 horas, com as entidades envolvidas diretamente no processo, em seu gabinete.<\/p>\n<p style=\"text-align: justify;\">\n","protected":false},"excerpt":{"rendered":"<p>A Planurb informa que dar\u00e1 in\u00edcio a partir da pr\u00f3xima segunda-feira (19\/06) \u00e0s reuni\u00f5es com a popula\u00e7\u00e3o para discutir a modelagem final da revis\u00e3o do Plano Diretor de Campo Grande. O Estatuto das Cidades estabelece que a participa\u00e7\u00e3o direta dos moradores da cidade \u00e9 fator fundamental na reformula\u00e7\u00e3o da legisla\u00e7\u00e3o que ordena o crescimento das [&hellip;]<\/p>\n","protected":false},"author":2,"featured_media":0,"comment_status":"open","ping_status":"open","sticky":false,"template":"","format":"standard","meta":{"_monsterinsights_skip_tracking":false,"_monsterinsights_sitenote_active":false,"_monsterinsights_sitenote_note":"","_monsterinsights_sitenote_category":0},"categories":[4328],"tags":[123,4365,6587,15776],"aioseo_notices":[],"_links":{"self":[{"href":"http:\/\/mspontocom.com.br\/site\/wp-json\/wp\/v2\/posts\/122361"}],"collection":[{"href":"http:\/\/mspontocom.com.br\/site\/wp-json\/wp\/v2\/posts"}],"about":[{"href":"http:\/\/mspontocom.com.br\/site\/wp-json\/wp\/v2\/types\/post"}],"author":[{"embeddable":true,"href":"http:\/\/mspontocom.com.br\/site\/wp-json\/wp\/v2\/users\/2"}],"replies":[{"embeddable":true,"href":"http:\/\/mspontocom.com.br\/site\/wp-json\/wp\/v2\/comments?post=122361"}],"version-history":[{"count":0,"href":"http:\/\/mspontocom.com.br\/site\/wp-json\/wp\/v2\/posts\/122361\/revisions"}],"wp:attachment":[{"href":"http:\/\/mspontocom.com.br\/site\/wp-json\/wp\/v2\/media?parent=122361"}],"wp:term":[{"taxonomy":"category","embeddable":true,"href":"http:\/\/mspontocom.com.br\/site\/wp-json\/wp\/v2\/categories?post=122361"},{"taxonomy":"post_tag","embeddable":true,"href":"http:\/\/mspontocom.com.br\/site\/wp-json\/wp\/v2\/tags?post=122361"}],"curies":[{"name":"wp","href":"https:\/\/api.w.org\/{rel}","templated":true}]}}