{"id":122390,"date":"2017-06-19T08:35:48","date_gmt":"2017-06-19T12:35:48","guid":{"rendered":"https:\/\/mspontocom.com.br\/site\/?p=122390"},"modified":"2017-06-19T08:48:28","modified_gmt":"2017-06-19T12:48:28","slug":"projeto-incentiva-cultivo-hortas-em-terrenos-baldios-de-campo-grande","status":"publish","type":"post","link":"http:\/\/mspontocom.com.br\/site\/projeto-incentiva-cultivo-hortas-em-terrenos-baldios-de-campo-grande\/","title":{"rendered":"Projeto incentiva cultivo de hortas em terrenos baldios de Campo Grande"},"content":{"rendered":"<p style=\"text-align: justify;\"><a href=\"https:\/\/mspontocom.com.br\/site\/wp-content\/uploads\/2017\/06\/horticultura.jpg\"><img loading=\"lazy\" class=\"alignleft size-full wp-image-122391\" alt=\"horticultura\" src=\"https:\/\/mspontocom.com.br\/site\/wp-content\/uploads\/2017\/06\/horticultura.jpg\" width=\"300\" height=\"225\" \/><\/a>Tramita na C\u00e2mara Municipal de Campo Grande \u00a0proposta de lei que visa incentivar o cultivo de hortas e outras atividades de <strong>agricultura urbana<\/strong> em terrenos baldios da Capital, p\u00fablicos ou privados.<\/p>\n<p style=\"text-align: justify;\">O projeto \u00e9 de autoria dos vereadores Ademir Santana (PDT) e <strong>Professor Jo\u00e3o Rocha<\/strong> (PSDB).<\/p>\n<p style=\"text-align: justify;\"><strong>Projeto\u00a0<\/strong><\/p>\n<p style=\"text-align: justify;\">De acordo com o texto, o cultivo ser\u00e1 feito com m\u00e3o de obra local, atrav\u00e9s de gest\u00e3o compartilhada com a iniciativa privada, associa\u00e7\u00f5es de bairros e entidades governamentais e n\u00e3o governamentais.<\/p>\n<p style=\"text-align: justify;\">Para os terrenos p\u00fablicos, o projeto prev\u00ea contrato de cess\u00e3o e, em terrenos particulares, esses espa\u00e7os devem ser previamente cadastrados junto ao munic\u00edpio.<\/p>\n<p style=\"text-align: justify;\">Para Jo\u00e3o Rocha, o projeto agrega em diferentes \u00e1reas. <span style=\"color: #ff0000;\">&#8220;Caso seja aprovado e implementado pela Prefeitura, o programa de agricultura urbana vai movimentar a economia campo-grandense, trazendo renda e paralelamente levando mais seguran\u00e7a, sa\u00fade e educa\u00e7\u00e3o para nossos bairros. Al\u00e9m disso, o Poder Executivo poder\u00e1 comprar parte dessa produ\u00e7\u00e3o com desconto, gerando economicidade nos gastos p\u00fablicos&#8221;<\/span>, afirma.<\/p>\n<p style=\"text-align: justify;\">Para a implementa\u00e7\u00e3o do programa, prev\u00ea a proposta, a Prefeitura dever\u00e1 levar em conta as diretrizes estabelecidas na Lei de Zoneamento, que dividiu a cidade em sete zonas urbanas, e a Lei de Impacto de Vizinhan\u00e7a.<\/p>\n<p style=\"text-align: justify;\">\n","protected":false},"excerpt":{"rendered":"<p>Tramita na C\u00e2mara Municipal de Campo Grande \u00a0proposta de lei que visa incentivar o cultivo de hortas e outras atividades de agricultura urbana em terrenos baldios da Capital, p\u00fablicos ou privados. O projeto \u00e9 de autoria dos vereadores Ademir Santana (PDT) e Professor Jo\u00e3o Rocha (PSDB). Projeto\u00a0 De acordo com o texto, o cultivo ser\u00e1 [&hellip;]<\/p>\n","protected":false},"author":2,"featured_media":0,"comment_status":"open","ping_status":"open","sticky":false,"template":"","format":"standard","meta":{"_monsterinsights_skip_tracking":false,"_monsterinsights_sitenote_active":false,"_monsterinsights_sitenote_note":"","_monsterinsights_sitenote_category":0},"categories":[4328,15],"tags":[123,17050,147,29331,24594,6587,374,29332,5444],"aioseo_notices":[],"_links":{"self":[{"href":"http:\/\/mspontocom.com.br\/site\/wp-json\/wp\/v2\/posts\/122390"}],"collection":[{"href":"http:\/\/mspontocom.com.br\/site\/wp-json\/wp\/v2\/posts"}],"about":[{"href":"http:\/\/mspontocom.com.br\/site\/wp-json\/wp\/v2\/types\/post"}],"author":[{"embeddable":true,"href":"http:\/\/mspontocom.com.br\/site\/wp-json\/wp\/v2\/users\/2"}],"replies":[{"embeddable":true,"href":"http:\/\/mspontocom.com.br\/site\/wp-json\/wp\/v2\/comments?post=122390"}],"version-history":[{"count":0,"href":"http:\/\/mspontocom.com.br\/site\/wp-json\/wp\/v2\/posts\/122390\/revisions"}],"wp:attachment":[{"href":"http:\/\/mspontocom.com.br\/site\/wp-json\/wp\/v2\/media?parent=122390"}],"wp:term":[{"taxonomy":"category","embeddable":true,"href":"http:\/\/mspontocom.com.br\/site\/wp-json\/wp\/v2\/categories?post=122390"},{"taxonomy":"post_tag","embeddable":true,"href":"http:\/\/mspontocom.com.br\/site\/wp-json\/wp\/v2\/tags?post=122390"}],"curies":[{"name":"wp","href":"https:\/\/api.w.org\/{rel}","templated":true}]}}