{"id":122496,"date":"2017-06-21T15:30:19","date_gmt":"2017-06-21T19:30:19","guid":{"rendered":"https:\/\/mspontocom.com.br\/site\/?p=122496"},"modified":"2017-06-21T14:05:26","modified_gmt":"2017-06-21T18:05:26","slug":"prefeitura-de-campo-grande-abre-processo-seletivo-para-area-social","status":"publish","type":"post","link":"http:\/\/mspontocom.com.br\/site\/prefeitura-de-campo-grande-abre-processo-seletivo-para-area-social\/","title":{"rendered":"Prefeitura de Campo Grande abre processo seletivo para \u00e1rea social"},"content":{"rendered":"<p style=\"text-align: justify;\"><a href=\"https:\/\/mspontocom.com.br\/site\/wp-content\/uploads\/2017\/06\/prefeitura1.jpg\"><img loading=\"lazy\" class=\"alignleft size-full wp-image-122497\" alt=\"prefeitura\" src=\"https:\/\/mspontocom.com.br\/site\/wp-content\/uploads\/2017\/06\/prefeitura1.jpg\" width=\"620\" height=\"465\" \/><\/a>Em cumprimento \u00e0 decis\u00e3o judicial de extinguir os conv\u00eanios com a Omep e Seleta, a<strong> Prefeitura de Campo Grande,<\/strong> por meio das secretarias municipais de Gest\u00e3o e de Assist\u00eancia Social, abre Processo Seletivo Simplificado de Programa de Contrata\u00e7\u00e3o Tempor\u00e1ria.<\/p>\n<p style=\"text-align: justify;\">O edital est\u00e1 publicado no Di\u00e1rio oficial de Campo Grande desta quarta-feira (21).<\/p>\n<p style=\"text-align: justify;\">Ao todo s\u00e3o 468 novas oportunidades de trabalho, sendo 98 vagas para cuidador social, 120 para educador social, 40 para encarregado de manuten\u00e7\u00e3o, 70 para auxiliar de manuten\u00e7\u00e3o e 40 para auxiliar social II.<\/p>\n<p style=\"text-align: justify;\">Os sal\u00e1rios variam de R$ 1.049,00 a R$ 1.320,00 para carga hor\u00e1ria de 40 horas semanais.<\/p>\n<p style=\"text-align: justify;\"><strong>As inscri\u00e7\u00f5es ser\u00e3o realizadas nos dias 22 e 23 de junho de 2017, no hor\u00e1rio das 8h \u00e0s 10h30 e das 13h30 \u00e0s 16h30, no Audit\u00f3rio da SAS, localizada na Rua dos Barbosas, n. 321, Bairro Amamba\u00ed.<\/strong><\/p>\n<p style=\"text-align: justify;\">Para efetivar a inscri\u00e7\u00e3o o candidato dever\u00e1 entregar a ficha de inscri\u00e7\u00e3o preenchida pelo pr\u00f3prio candidato, conforme modelo constante do Anexo II (dispon\u00edvel para download no s\u00edtio eletr\u00f4nico:\u00a0<a href=\"https:\/\/www.capital.ms.gov.br\/seges\/processo-seletivo-seges-e-sas\">www.capital.ms.gov.br\/seges\/processo-seletivo-seges-e-sas<\/a>, acompanhada de c\u00f3pia de um documento oficial de identifica\u00e7\u00e3o com foto.\u00a0*A ficha s\u00f3 \u00e9 liberada na data de abertura das inscri\u00e7\u00f5es.<\/p>\n<p style=\"text-align: justify;\">Mais informa\u00e7\u00f5es ligue 3314-4499 ou 3314-4404.<\/p>\n","protected":false},"excerpt":{"rendered":"<p>Em cumprimento \u00e0 decis\u00e3o judicial de extinguir os conv\u00eanios com a Omep e Seleta, a Prefeitura de Campo Grande, por meio das secretarias municipais de Gest\u00e3o e de Assist\u00eancia Social, abre Processo Seletivo Simplificado de Programa de Contrata\u00e7\u00e3o Tempor\u00e1ria. O edital est\u00e1 publicado no Di\u00e1rio oficial de Campo Grande desta quarta-feira (21). Ao todo s\u00e3o [&hellip;]<\/p>\n","protected":false},"author":2,"featured_media":0,"comment_status":"open","ping_status":"open","sticky":false,"template":"","format":"standard","meta":{"_monsterinsights_skip_tracking":false,"_monsterinsights_sitenote_active":false,"_monsterinsights_sitenote_note":"","_monsterinsights_sitenote_category":0},"categories":[4328],"tags":[29346,123,6587,165,2545],"aioseo_notices":[],"_links":{"self":[{"href":"http:\/\/mspontocom.com.br\/site\/wp-json\/wp\/v2\/posts\/122496"}],"collection":[{"href":"http:\/\/mspontocom.com.br\/site\/wp-json\/wp\/v2\/posts"}],"about":[{"href":"http:\/\/mspontocom.com.br\/site\/wp-json\/wp\/v2\/types\/post"}],"author":[{"embeddable":true,"href":"http:\/\/mspontocom.com.br\/site\/wp-json\/wp\/v2\/users\/2"}],"replies":[{"embeddable":true,"href":"http:\/\/mspontocom.com.br\/site\/wp-json\/wp\/v2\/comments?post=122496"}],"version-history":[{"count":0,"href":"http:\/\/mspontocom.com.br\/site\/wp-json\/wp\/v2\/posts\/122496\/revisions"}],"wp:attachment":[{"href":"http:\/\/mspontocom.com.br\/site\/wp-json\/wp\/v2\/media?parent=122496"}],"wp:term":[{"taxonomy":"category","embeddable":true,"href":"http:\/\/mspontocom.com.br\/site\/wp-json\/wp\/v2\/categories?post=122496"},{"taxonomy":"post_tag","embeddable":true,"href":"http:\/\/mspontocom.com.br\/site\/wp-json\/wp\/v2\/tags?post=122496"}],"curies":[{"name":"wp","href":"https:\/\/api.w.org\/{rel}","templated":true}]}}