{"id":122521,"date":"2017-06-22T10:26:04","date_gmt":"2017-06-22T14:26:04","guid":{"rendered":"https:\/\/mspontocom.com.br\/site\/?p=122521"},"modified":"2017-06-22T09:09:41","modified_gmt":"2017-06-22T13:09:41","slug":"campo-grande-tera-cursos-de-capacitacao-em-turismo","status":"publish","type":"post","link":"http:\/\/mspontocom.com.br\/site\/campo-grande-tera-cursos-de-capacitacao-em-turismo\/","title":{"rendered":"Campo Grande ter\u00e1 cursos de capacita\u00e7\u00e3o em turismo"},"content":{"rendered":"<p style=\"text-align: justify;\"><a href=\"https:\/\/mspontocom.com.br\/site\/wp-content\/uploads\/2017\/06\/campo-grande-ms2.jpeg\"><img loading=\"lazy\" class=\"alignleft size-full wp-image-122522\" alt=\"campo-grande-ms\" src=\"https:\/\/mspontocom.com.br\/site\/wp-content\/uploads\/2017\/06\/campo-grande-ms2.jpeg\" width=\"620\" height=\"383\" \/><\/a>O prefeito Marquinhos Trad e a secret\u00e1ria de Cultura e Turismo, Nilde Brum solicitaram apoio do Minist\u00e9rio do Turismo para <strong>capacita\u00e7\u00e3o e divulga\u00e7\u00e3o de Campo Grande no cen\u00e1rio nacional.<\/strong><\/p>\n<p style=\"text-align: justify;\">Campo Grande poder\u00e1 se inscrever no <strong>Mediotec,<\/strong> que oferece capacita\u00e7\u00e3o, via ensino m\u00e9dio, para cursos profissionalizantes na \u00e1rea de turismo \u2013 para guias, eventos, entre outros \u2013 na categoria presencial e semipresencial, com 800 horas de aula.<\/p>\n<p style=\"text-align: justify;\">Tamb\u00e9m estar\u00e3o dispon\u00edveis vagas no<strong> Pronatecs<\/strong> \u00a0que atende todos os segmentos do turismo, sem v\u00ednculo com o ensino m\u00e9dio.<\/p>\n<p style=\"text-align: justify;\">J\u00e1 no programa <strong>Brasil Bra\u00e7os Abertos<\/strong> o aluno faz o curso via smartphone, totalmente online.<\/p>\n<p style=\"text-align: justify;\">Marquinhos e Nilde tamb\u00e9m conseguiram apoio em divulga\u00e7\u00e3o \u00a0para inserir Campo Grande na \u201cprateleira do Brasil\u201d.<\/p>\n","protected":false},"excerpt":{"rendered":"<p>O prefeito Marquinhos Trad e a secret\u00e1ria de Cultura e Turismo, Nilde Brum solicitaram apoio do Minist\u00e9rio do Turismo para capacita\u00e7\u00e3o e divulga\u00e7\u00e3o de Campo Grande no cen\u00e1rio nacional. Campo Grande poder\u00e1 se inscrever no Mediotec, que oferece capacita\u00e7\u00e3o, via ensino m\u00e9dio, para cursos profissionalizantes na \u00e1rea de turismo \u2013 para guias, eventos, entre outros [&hellip;]<\/p>\n","protected":false},"author":2,"featured_media":0,"comment_status":"open","ping_status":"open","sticky":false,"template":"","format":"standard","meta":{"_monsterinsights_skip_tracking":false,"_monsterinsights_sitenote_active":false,"_monsterinsights_sitenote_note":"","_monsterinsights_sitenote_category":0},"categories":[4328,15,10],"tags":[123,436,2394,147,6587,137],"aioseo_notices":[],"_links":{"self":[{"href":"http:\/\/mspontocom.com.br\/site\/wp-json\/wp\/v2\/posts\/122521"}],"collection":[{"href":"http:\/\/mspontocom.com.br\/site\/wp-json\/wp\/v2\/posts"}],"about":[{"href":"http:\/\/mspontocom.com.br\/site\/wp-json\/wp\/v2\/types\/post"}],"author":[{"embeddable":true,"href":"http:\/\/mspontocom.com.br\/site\/wp-json\/wp\/v2\/users\/2"}],"replies":[{"embeddable":true,"href":"http:\/\/mspontocom.com.br\/site\/wp-json\/wp\/v2\/comments?post=122521"}],"version-history":[{"count":0,"href":"http:\/\/mspontocom.com.br\/site\/wp-json\/wp\/v2\/posts\/122521\/revisions"}],"wp:attachment":[{"href":"http:\/\/mspontocom.com.br\/site\/wp-json\/wp\/v2\/media?parent=122521"}],"wp:term":[{"taxonomy":"category","embeddable":true,"href":"http:\/\/mspontocom.com.br\/site\/wp-json\/wp\/v2\/categories?post=122521"},{"taxonomy":"post_tag","embeddable":true,"href":"http:\/\/mspontocom.com.br\/site\/wp-json\/wp\/v2\/tags?post=122521"}],"curies":[{"name":"wp","href":"https:\/\/api.w.org\/{rel}","templated":true}]}}