{"id":122530,"date":"2017-06-22T13:50:25","date_gmt":"2017-06-22T17:50:25","guid":{"rendered":"https:\/\/mspontocom.com.br\/site\/?p=122530"},"modified":"2017-06-22T13:26:42","modified_gmt":"2017-06-22T17:26:42","slug":"camara-discute-cobranca-retroativa-de-energia-nesta-sexta-feira","status":"publish","type":"post","link":"http:\/\/mspontocom.com.br\/site\/camara-discute-cobranca-retroativa-de-energia-nesta-sexta-feira\/","title":{"rendered":"C\u00e2mara discute cobran\u00e7a retroativa de energia nesta sexta-feira"},"content":{"rendered":"<p style=\"text-align: justify;\"><a href=\"https:\/\/mspontocom.com.br\/site\/wp-content\/uploads\/2017\/06\/luz.jpg\"><img loading=\"lazy\" class=\"alignleft size-full wp-image-122531\" alt=\"luz\" src=\"https:\/\/mspontocom.com.br\/site\/wp-content\/uploads\/2017\/06\/luz.jpg\" width=\"405\" height=\"270\" \/><\/a>A <strong>C\u00e2mara Municipal de Campo Grande<\/strong> realiza nesta sexta-feira (23), \u00e0s 14 horas, Audi\u00eancia P\u00fablica para discutir a <strong>cobran\u00e7a retroativa da taxa da Cosip<\/strong> (Contribui\u00e7\u00e3o para o Custeio do Servi\u00e7o de Ilumina\u00e7\u00e3o P\u00fablica).<\/p>\n<p style=\"text-align: justify;\">A reuni\u00e3o est\u00e1 sendo convocada pela Comiss\u00e3o Permanente de Defesa do Consumidor, composta pelos vereadores Papy (presidente), Ademir Santana (vice), Gilmar da Cruz, William Maksoud e Jo\u00e3o C\u00e9sar Mattogrosso.<\/p>\n<p style=\"text-align: justify;\">Para participam \u00a0do debate a OAB, Agereg, Agepan, Sinergia, Minist\u00e9rio P\u00fablico Estadual, Sisep, prefeito Marquinhos Trad, PROCON MS, PROCON CG, Defensoria, Energisa, entre outros.<\/p>\n<p style=\"text-align: justify;\">Servi\u00e7o<\/p>\n<p style=\"text-align: justify;\">\u00a0A Audi\u00eancia ser\u00e1 realizada no Plen\u00e1rio Edroim Reverdito, na sede da Casa de Leis, localizada na Avenida Ricardo Brand\u00e3o, n\u00b0 1.600, bairro Jati\u00faka Park.<\/p>\n","protected":false},"excerpt":{"rendered":"<p>A C\u00e2mara Municipal de Campo Grande realiza nesta sexta-feira (23), \u00e0s 14 horas, Audi\u00eancia P\u00fablica para discutir a cobran\u00e7a retroativa da taxa da Cosip (Contribui\u00e7\u00e3o para o Custeio do Servi\u00e7o de Ilumina\u00e7\u00e3o P\u00fablica). A reuni\u00e3o est\u00e1 sendo convocada pela Comiss\u00e3o Permanente de Defesa do Consumidor, composta pelos vereadores Papy (presidente), Ademir Santana (vice), Gilmar da [&hellip;]<\/p>\n","protected":false},"author":2,"featured_media":0,"comment_status":"open","ping_status":"open","sticky":false,"template":"","format":"standard","meta":{"_monsterinsights_skip_tracking":false,"_monsterinsights_sitenote_active":false,"_monsterinsights_sitenote_note":"","_monsterinsights_sitenote_category":0},"categories":[4328,15],"tags":[1271,24273,147,6587,29354],"aioseo_notices":[],"_links":{"self":[{"href":"http:\/\/mspontocom.com.br\/site\/wp-json\/wp\/v2\/posts\/122530"}],"collection":[{"href":"http:\/\/mspontocom.com.br\/site\/wp-json\/wp\/v2\/posts"}],"about":[{"href":"http:\/\/mspontocom.com.br\/site\/wp-json\/wp\/v2\/types\/post"}],"author":[{"embeddable":true,"href":"http:\/\/mspontocom.com.br\/site\/wp-json\/wp\/v2\/users\/2"}],"replies":[{"embeddable":true,"href":"http:\/\/mspontocom.com.br\/site\/wp-json\/wp\/v2\/comments?post=122530"}],"version-history":[{"count":0,"href":"http:\/\/mspontocom.com.br\/site\/wp-json\/wp\/v2\/posts\/122530\/revisions"}],"wp:attachment":[{"href":"http:\/\/mspontocom.com.br\/site\/wp-json\/wp\/v2\/media?parent=122530"}],"wp:term":[{"taxonomy":"category","embeddable":true,"href":"http:\/\/mspontocom.com.br\/site\/wp-json\/wp\/v2\/categories?post=122530"},{"taxonomy":"post_tag","embeddable":true,"href":"http:\/\/mspontocom.com.br\/site\/wp-json\/wp\/v2\/tags?post=122530"}],"curies":[{"name":"wp","href":"https:\/\/api.w.org\/{rel}","templated":true}]}}