{"id":122618,"date":"2017-06-26T08:20:38","date_gmt":"2017-06-26T12:20:38","guid":{"rendered":"https:\/\/mspontocom.com.br\/site\/?p=122618"},"modified":"2017-06-26T06:56:26","modified_gmt":"2017-06-26T10:56:26","slug":"universidade-oferece-servicos-gratuitos-na-1a-feira-do-trabalho-de-ms","status":"publish","type":"post","link":"http:\/\/mspontocom.com.br\/site\/universidade-oferece-servicos-gratuitos-na-1a-feira-do-trabalho-de-ms\/","title":{"rendered":"Universidade oferece servi\u00e7os gratuitos na 1\u00aa Feira do Trabalho de MS"},"content":{"rendered":"<p style=\"text-align: justify;\"><a href=\"https:\/\/mspontocom.com.br\/site\/wp-content\/uploads\/2017\/06\/carteira-de-trabalho37.jpg\"><img loading=\"lazy\" class=\"alignleft size-full wp-image-122619\" alt=\"carteira-de-trabalho3\" src=\"https:\/\/mspontocom.com.br\/site\/wp-content\/uploads\/2017\/06\/carteira-de-trabalho37.jpg\" width=\"445\" height=\"334\" \/><\/a>Nesta \u00a0segunda-feira acontece a\u00a0<em>1\u00aa Feira<\/em><i>\u00a0<\/i><em>do Trabalho de Mato Grosso do Sul<\/em>, \u00e0 partir das 8h, no estacionamento da C\u00e2mara Municipal de Campo Grande.<\/p>\n<p style=\"text-align: justify;\">O evento oferece atividades voltadas para o trabalhador que est\u00e1 inserido no mercado ou que deseja se recolocar profissionalmente.<\/p>\n<p style=\"text-align: justify;\">O Canal Conecta, plataforma de empregabilidade da Uniderp, tamb\u00e9m estar\u00e1 presente para a divulga\u00e7\u00e3o de oportunidades de qualifica\u00e7\u00e3o e carreira.<\/p>\n<p style=\"text-align: justify;\">A Uniderp \u00a0tamb\u00e9m desenvolver\u00e1 a\u00e7\u00f5es com alunos e professores \u00a0que realizar\u00e3o diversas atividades gratuitas: o curso de Psicologia far\u00e1 orienta\u00e7\u00f5es profissionais e os cursos de Fisioterapia, Medicina e Est\u00e9tica promover\u00e3o atendimentos de gin\u00e1stica laboral, avalia\u00e7\u00e3o de riscos de doen\u00e7as vasculares, massagem, aferi\u00e7\u00e3o de press\u00e3o e informa\u00e7\u00f5es sobre hipertens\u00e3o e os riscos \u00e0 sa\u00fade. O Canal Conecta, plataforma de empregabilidade da Uniderp, tamb\u00e9m estar\u00e1 presente para a divulga\u00e7\u00e3o de oportunidades de qualifica\u00e7\u00e3o e carreira.<\/p>\n<p style=\"text-align: justify;\"><em>\u00a0<\/em><\/p>\n<p style=\"text-align: justify;\">\n","protected":false},"excerpt":{"rendered":"<p>Nesta \u00a0segunda-feira acontece a\u00a01\u00aa Feira\u00a0do Trabalho de Mato Grosso do Sul, \u00e0 partir das 8h, no estacionamento da C\u00e2mara Municipal de Campo Grande. O evento oferece atividades voltadas para o trabalhador que est\u00e1 inserido no mercado ou que deseja se recolocar profissionalmente. O Canal Conecta, plataforma de empregabilidade da Uniderp, tamb\u00e9m estar\u00e1 presente para a [&hellip;]<\/p>\n","protected":false},"author":2,"featured_media":0,"comment_status":"open","ping_status":"open","sticky":false,"template":"","format":"standard","meta":{"_monsterinsights_skip_tracking":false,"_monsterinsights_sitenote_active":false,"_monsterinsights_sitenote_note":"","_monsterinsights_sitenote_category":0},"categories":[4328,15],"tags":[29374,147,6587,29373,9414,2326],"aioseo_notices":[],"_links":{"self":[{"href":"http:\/\/mspontocom.com.br\/site\/wp-json\/wp\/v2\/posts\/122618"}],"collection":[{"href":"http:\/\/mspontocom.com.br\/site\/wp-json\/wp\/v2\/posts"}],"about":[{"href":"http:\/\/mspontocom.com.br\/site\/wp-json\/wp\/v2\/types\/post"}],"author":[{"embeddable":true,"href":"http:\/\/mspontocom.com.br\/site\/wp-json\/wp\/v2\/users\/2"}],"replies":[{"embeddable":true,"href":"http:\/\/mspontocom.com.br\/site\/wp-json\/wp\/v2\/comments?post=122618"}],"version-history":[{"count":0,"href":"http:\/\/mspontocom.com.br\/site\/wp-json\/wp\/v2\/posts\/122618\/revisions"}],"wp:attachment":[{"href":"http:\/\/mspontocom.com.br\/site\/wp-json\/wp\/v2\/media?parent=122618"}],"wp:term":[{"taxonomy":"category","embeddable":true,"href":"http:\/\/mspontocom.com.br\/site\/wp-json\/wp\/v2\/categories?post=122618"},{"taxonomy":"post_tag","embeddable":true,"href":"http:\/\/mspontocom.com.br\/site\/wp-json\/wp\/v2\/tags?post=122618"}],"curies":[{"name":"wp","href":"https:\/\/api.w.org\/{rel}","templated":true}]}}