{"id":122646,"date":"2017-06-26T15:30:57","date_gmt":"2017-06-26T19:30:57","guid":{"rendered":"https:\/\/mspontocom.com.br\/site\/?p=122646"},"modified":"2017-06-27T06:39:21","modified_gmt":"2017-06-27T10:39:21","slug":"c-grande-lanca-hoje-cooperativa-de-agricultores-do-programa-rota-do-sabor","status":"publish","type":"post","link":"http:\/\/mspontocom.com.br\/site\/c-grande-lanca-hoje-cooperativa-de-agricultores-do-programa-rota-do-sabor\/","title":{"rendered":"C. Grande lan\u00e7a Cooperativa de agricultores do Programa Rota do Sabor"},"content":{"rendered":"<p style=\"text-align: justify;\"><a href=\"https:\/\/mspontocom.com.br\/site\/wp-content\/uploads\/2017\/06\/rota.jpg\"><img loading=\"lazy\" class=\"alignleft size-full wp-image-122647\" alt=\"rota\" src=\"https:\/\/mspontocom.com.br\/site\/wp-content\/uploads\/2017\/06\/rota.jpg\" width=\"711\" height=\"425\" \/><\/a>A Col\u00f4nia de F\u00e9rias da Associa\u00e7\u00e3o Comercial e Industrial de Campo Grande (ACICG) sediar\u00e1 hoje, dia 26, \u00e0s 19h, a reuni\u00e3o que oficializar\u00e1 a cooperativa de agricultores familiares do <strong>Programa Rota do Sabor. <\/strong><\/p>\n<p style=\"text-align: justify;\">Formada por produtores de hortifr\u00fatis da regi\u00e3o da Ch\u00e1cara da Mans\u00f5es, a cooperativa ser\u00e1 incubada pela Universidade Federal de Mato Grosso do Sul, e contar\u00e1 com o curso de Agronomia da Uniderp prestando apoio t\u00e9cnico para produ\u00e7\u00e3o.<\/p>\n<p style=\"text-align: justify;\">Al\u00e9m da formaliza\u00e7\u00e3o da cooperativa, na reuni\u00e3o desta segunda-feira (26) ser\u00e1 definida a linha de produ\u00e7\u00e3o de cada propriedade participante.<\/p>\n<p style=\"text-align: justify;\"><b>Rota do Sabor<\/b><\/p>\n<p style=\"text-align: justify;\">\u00a0O Programa Rota do Sabor foi lan\u00e7ado no dia 02 de junho.<\/p>\n<p style=\"text-align: justify;\">Criado com o objetivo de organizar a produ\u00e7\u00e3o rural do munic\u00edpio, o programa pretende reduzir a evas\u00e3o de Produto Interno Bruto (PIB), e especialmente gerar emprego e renda no campo.<\/p>\n<p style=\"text-align: justify;\">Parceira do programa, a Uniderp prestar\u00e1 assist\u00eancia t\u00e9cnica a 13 propriedades, por meio do curso de Agronomia.<\/p>\n<p style=\"text-align: justify;\">\n","protected":false},"excerpt":{"rendered":"<p>A Col\u00f4nia de F\u00e9rias da Associa\u00e7\u00e3o Comercial e Industrial de Campo Grande (ACICG) sediar\u00e1 hoje, dia 26, \u00e0s 19h, a reuni\u00e3o que oficializar\u00e1 a cooperativa de agricultores familiares do Programa Rota do Sabor. Formada por produtores de hortifr\u00fatis da regi\u00e3o da Ch\u00e1cara da Mans\u00f5es, a cooperativa ser\u00e1 incubada pela Universidade Federal de Mato Grosso do [&hellip;]<\/p>\n","protected":false},"author":2,"featured_media":0,"comment_status":"open","ping_status":"open","sticky":false,"template":"","format":"standard","meta":{"_monsterinsights_skip_tracking":false,"_monsterinsights_sitenote_active":false,"_monsterinsights_sitenote_note":"","_monsterinsights_sitenote_category":0},"categories":[4328,15,14],"tags":[7868,8159,23203,147,6587,1859,29253],"aioseo_notices":[],"_links":{"self":[{"href":"http:\/\/mspontocom.com.br\/site\/wp-json\/wp\/v2\/posts\/122646"}],"collection":[{"href":"http:\/\/mspontocom.com.br\/site\/wp-json\/wp\/v2\/posts"}],"about":[{"href":"http:\/\/mspontocom.com.br\/site\/wp-json\/wp\/v2\/types\/post"}],"author":[{"embeddable":true,"href":"http:\/\/mspontocom.com.br\/site\/wp-json\/wp\/v2\/users\/2"}],"replies":[{"embeddable":true,"href":"http:\/\/mspontocom.com.br\/site\/wp-json\/wp\/v2\/comments?post=122646"}],"version-history":[{"count":0,"href":"http:\/\/mspontocom.com.br\/site\/wp-json\/wp\/v2\/posts\/122646\/revisions"}],"wp:attachment":[{"href":"http:\/\/mspontocom.com.br\/site\/wp-json\/wp\/v2\/media?parent=122646"}],"wp:term":[{"taxonomy":"category","embeddable":true,"href":"http:\/\/mspontocom.com.br\/site\/wp-json\/wp\/v2\/categories?post=122646"},{"taxonomy":"post_tag","embeddable":true,"href":"http:\/\/mspontocom.com.br\/site\/wp-json\/wp\/v2\/tags?post=122646"}],"curies":[{"name":"wp","href":"https:\/\/api.w.org\/{rel}","templated":true}]}}