{"id":122674,"date":"2017-06-27T10:11:43","date_gmt":"2017-06-27T14:11:43","guid":{"rendered":"https:\/\/mspontocom.com.br\/site\/?p=122674"},"modified":"2017-06-27T10:11:43","modified_gmt":"2017-06-27T14:11:43","slug":"camara-discute-mobilidade-urbana-da-capital-nesta-quarta-feira","status":"publish","type":"post","link":"http:\/\/mspontocom.com.br\/site\/camara-discute-mobilidade-urbana-da-capital-nesta-quarta-feira\/","title":{"rendered":"C\u00e2mara discute mobilidade urbana da Capital nesta quarta-feira"},"content":{"rendered":"<p style=\"text-align: justify;\"><a href=\"https:\/\/mspontocom.com.br\/site\/wp-content\/uploads\/2017\/06\/acesso.jpg\"><img loading=\"lazy\" class=\"alignleft size-full wp-image-122675\" alt=\"acesso\" src=\"https:\/\/mspontocom.com.br\/site\/wp-content\/uploads\/2017\/06\/acesso.jpg\" width=\"567\" height=\"378\" \/><\/a>Os vereadores da C\u00e2mara Municipal de Campo Grande promovem nesta quarta-feira, dia 28 de junho, \u00a0\u00e0s 15 horas, na Arena do Horto Florestal, Reuni\u00e3o P\u00fablica para discutir o atual cen\u00e1rio de Campo Grande em sua <strong>acessibilidade e mobilidade urbana. <\/strong><\/p>\n<p style=\"text-align: justify;\">O objetivo \u00e9 reunir todos os \u00f3rg\u00e3os p\u00fablicos, entidades n\u00e3o governamentais, pessoas com defici\u00eancia, idosos, gestantes e sociedade em geral para discutir o tema.<\/p>\n<p style=\"text-align: justify;\">Para o presidente da Casa de Leis, vereador Prof\u00b0 Jo\u00e3o Rocha a ideia da<strong>\u00a0C\u00e2mara Participativa <\/strong>\u00e9 promover discuss\u00f5es sobre \u00a0o assunto que resultar\u00e1 em audi\u00eancias p\u00fablicas, projetos de lei que contemplem a popula\u00e7\u00e3o. <span style=\"color: #ff0000;\">&#8220;A proposta \u00e9 levantar discuss\u00e3o com as entidades e com a popula\u00e7\u00e3o para promover cria\u00e7\u00e3o de novos projetos de lei para atender as necessidades do campo-grandense&#8221;,<\/span> refor\u00e7ou.<\/p>\n<p style=\"text-align: justify;\"><strong>Servi\u00e7o<\/strong><\/p>\n<p style=\"text-align: justify;\">A Reuni\u00e3o P\u00fablica ser\u00e1 realizada na pr\u00f3xima quarta-feira (28), \u00e0s 15 horas, na Arena do Horto Florestal, localizada na Avenida Fabio Zahran, ao lado do Instituto Mirim.<\/p>\n","protected":false},"excerpt":{"rendered":"<p>Os vereadores da C\u00e2mara Municipal de Campo Grande promovem nesta quarta-feira, dia 28 de junho, \u00a0\u00e0s 15 horas, na Arena do Horto Florestal, Reuni\u00e3o P\u00fablica para discutir o atual cen\u00e1rio de Campo Grande em sua acessibilidade e mobilidade urbana. O objetivo \u00e9 reunir todos os \u00f3rg\u00e3os p\u00fablicos, entidades n\u00e3o governamentais, pessoas com defici\u00eancia, idosos, gestantes [&hellip;]<\/p>\n","protected":false},"author":2,"featured_media":0,"comment_status":"open","ping_status":"open","sticky":false,"template":"","format":"standard","meta":{"_monsterinsights_skip_tracking":false,"_monsterinsights_sitenote_active":false,"_monsterinsights_sitenote_note":"","_monsterinsights_sitenote_category":0},"categories":[4328],"tags":[1271,123,3934,6587],"aioseo_notices":[],"_links":{"self":[{"href":"http:\/\/mspontocom.com.br\/site\/wp-json\/wp\/v2\/posts\/122674"}],"collection":[{"href":"http:\/\/mspontocom.com.br\/site\/wp-json\/wp\/v2\/posts"}],"about":[{"href":"http:\/\/mspontocom.com.br\/site\/wp-json\/wp\/v2\/types\/post"}],"author":[{"embeddable":true,"href":"http:\/\/mspontocom.com.br\/site\/wp-json\/wp\/v2\/users\/2"}],"replies":[{"embeddable":true,"href":"http:\/\/mspontocom.com.br\/site\/wp-json\/wp\/v2\/comments?post=122674"}],"version-history":[{"count":0,"href":"http:\/\/mspontocom.com.br\/site\/wp-json\/wp\/v2\/posts\/122674\/revisions"}],"wp:attachment":[{"href":"http:\/\/mspontocom.com.br\/site\/wp-json\/wp\/v2\/media?parent=122674"}],"wp:term":[{"taxonomy":"category","embeddable":true,"href":"http:\/\/mspontocom.com.br\/site\/wp-json\/wp\/v2\/categories?post=122674"},{"taxonomy":"post_tag","embeddable":true,"href":"http:\/\/mspontocom.com.br\/site\/wp-json\/wp\/v2\/tags?post=122674"}],"curies":[{"name":"wp","href":"https:\/\/api.w.org\/{rel}","templated":true}]}}