{"id":122723,"date":"2017-06-28T15:30:48","date_gmt":"2017-06-28T19:30:48","guid":{"rendered":"https:\/\/mspontocom.com.br\/site\/?p=122723"},"modified":"2017-06-28T13:50:50","modified_gmt":"2017-06-28T17:50:50","slug":"prefeitura-de-campo-grande-abre-cadastro-de-reserva-para-contratar-medicos","status":"publish","type":"post","link":"http:\/\/mspontocom.com.br\/site\/prefeitura-de-campo-grande-abre-cadastro-de-reserva-para-contratar-medicos\/","title":{"rendered":"Prefeitura de Campo Grande abre cadastro de reserva para contratar m\u00e9dicos"},"content":{"rendered":"<p style=\"text-align: justify;\"><a href=\"https:\/\/mspontocom.com.br\/site\/wp-content\/uploads\/2017\/06\/medico1.jpg\"><img loading=\"lazy\" class=\"alignleft size-full wp-image-122724\" alt=\"medico\" src=\"https:\/\/mspontocom.com.br\/site\/wp-content\/uploads\/2017\/06\/medico1.jpg\" width=\"252\" height=\"200\" \/><\/a>A Prefeitura de Campo Grande, por meio da Secretaria Municipal de Sa\u00fade (Sesau), abriu processo seletivo simplificado para cria\u00e7\u00e3o de cadastro para<strong> contrata\u00e7\u00e3o tempor\u00e1ria de m\u00e9dicos.<\/strong><\/p>\n<p style=\"text-align: justify;\">O prazo determinado \u00e9 de seis meses, a afim de refor\u00e7ar o atendimento na rede p\u00fablica municipal de sa\u00fade.<\/p>\n<p style=\"text-align: justify;\">Segundo a publica\u00e7\u00e3o, o certame tem por objetivo regulamentar o processo de cadastramento e de sele\u00e7\u00e3o de interessados em compor o quadro de reserva de m\u00e9dicos tempor\u00e1rios para atuar nas unidades da Secretaria Municipal de Sa\u00fade.<\/p>\n<p style=\"text-align: justify;\"><strong>Requisitos<\/strong><\/p>\n<p style=\"text-align: justify;\">\u00c9 requisito para haver a sele\u00e7\u00e3o de candidato que o nome conste no quadro de reserva de m\u00e9dicos tempor\u00e1rios.<\/p>\n<p style=\"text-align: justify;\">Os detalhes do edital est\u00e3o dispon\u00edveis na p\u00e1gina 7 do Diogrande desta quinta-feira, dia 28, que pode ser conferido atrav\u00e9s do seguinte endere\u00e7o eletr\u00f4nico: www.capital.ms.gov.br\/diogrande.<\/p>\n<p style=\"text-align: justify;\"><strong>Inscri\u00e7\u00f5es<\/strong><\/p>\n<p style=\"text-align: justify;\">As inscri\u00e7\u00f5es ser\u00e3o realizadas no Portal da Prefeitura Municipal de Campo Grande, atrav\u00e9s do site\u00a0<a href=\"https:\/\/apl04.pmcg.ms.gov.br:8080\/pssweb\/indexext.zul\" target=\"_blank\">www.capital.ms.gov.br\/convocacaomedica.<\/a><\/p>\n<p style=\"text-align: justify;\">\n","protected":false},"excerpt":{"rendered":"<p>A Prefeitura de Campo Grande, por meio da Secretaria Municipal de Sa\u00fade (Sesau), abriu processo seletivo simplificado para cria\u00e7\u00e3o de cadastro para contrata\u00e7\u00e3o tempor\u00e1ria de m\u00e9dicos. O prazo determinado \u00e9 de seis meses, a afim de refor\u00e7ar o atendimento na rede p\u00fablica municipal de sa\u00fade. Segundo a publica\u00e7\u00e3o, o certame tem por objetivo regulamentar o [&hellip;]<\/p>\n","protected":false},"author":2,"featured_media":0,"comment_status":"open","ping_status":"open","sticky":false,"template":"","format":"standard","meta":{"_monsterinsights_skip_tracking":false,"_monsterinsights_sitenote_active":false,"_monsterinsights_sitenote_note":"","_monsterinsights_sitenote_category":0},"categories":[4328,11],"tags":[13852,123,2795,6587,165,3074],"aioseo_notices":[],"_links":{"self":[{"href":"http:\/\/mspontocom.com.br\/site\/wp-json\/wp\/v2\/posts\/122723"}],"collection":[{"href":"http:\/\/mspontocom.com.br\/site\/wp-json\/wp\/v2\/posts"}],"about":[{"href":"http:\/\/mspontocom.com.br\/site\/wp-json\/wp\/v2\/types\/post"}],"author":[{"embeddable":true,"href":"http:\/\/mspontocom.com.br\/site\/wp-json\/wp\/v2\/users\/2"}],"replies":[{"embeddable":true,"href":"http:\/\/mspontocom.com.br\/site\/wp-json\/wp\/v2\/comments?post=122723"}],"version-history":[{"count":0,"href":"http:\/\/mspontocom.com.br\/site\/wp-json\/wp\/v2\/posts\/122723\/revisions"}],"wp:attachment":[{"href":"http:\/\/mspontocom.com.br\/site\/wp-json\/wp\/v2\/media?parent=122723"}],"wp:term":[{"taxonomy":"category","embeddable":true,"href":"http:\/\/mspontocom.com.br\/site\/wp-json\/wp\/v2\/categories?post=122723"},{"taxonomy":"post_tag","embeddable":true,"href":"http:\/\/mspontocom.com.br\/site\/wp-json\/wp\/v2\/tags?post=122723"}],"curies":[{"name":"wp","href":"https:\/\/api.w.org\/{rel}","templated":true}]}}