{"id":122749,"date":"2017-06-29T10:25:59","date_gmt":"2017-06-29T14:25:59","guid":{"rendered":"https:\/\/mspontocom.com.br\/site\/?p=122749"},"modified":"2017-06-29T08:26:20","modified_gmt":"2017-06-29T12:26:20","slug":"prefeitura-parcelara-taxa-de-iluminacao-publica-em-dez-vezes","status":"publish","type":"post","link":"http:\/\/mspontocom.com.br\/site\/prefeitura-parcelara-taxa-de-iluminacao-publica-em-dez-vezes\/","title":{"rendered":"Prefeitura parcelar\u00e1 taxa de ilumina\u00e7\u00e3o p\u00fablica em dez vezes"},"content":{"rendered":"<p style=\"text-align: justify;\"><a href=\"https:\/\/mspontocom.com.br\/site\/wp-content\/uploads\/2017\/06\/taxa.jpg\"><img loading=\"lazy\" class=\"alignleft size-full wp-image-122750\" alt=\"taxa\" src=\"https:\/\/mspontocom.com.br\/site\/wp-content\/uploads\/2017\/06\/taxa.jpg\" width=\"540\" height=\"228\" \/><\/a>A Prefeitura de Campo Grande vai parcelar em 10 vezes, sem juros, o valor acumulado da Contribui\u00e7\u00e3o para o <strong>Custeio da Ilumina\u00e7\u00e3o P\u00fablica (Cosip),<\/strong> que deixou de ser paga por decis\u00e3o judicial.<\/p>\n<p style=\"text-align: justify;\">O prefeito Marquinhos Trad solicitou parecer da Procuradoria-Geral do Munic\u00edpio sobre o parcelamento da cobran\u00e7a para garantir o m\u00e1ximo de divis\u00e3o poss\u00edvel e sem juros para o contribuinte.<\/p>\n<p style=\"text-align: justify;\">A decis\u00e3o judicial, (com efeito para todos e retroativo), gerou ao chefe do Poder Executivo atual o dever de cobrar o que deixou de ser pago, sob pena de incidir na lei de responsabilidade fiscal, uma vez que ele n\u00e3o pode renunciar receita tribut\u00e1ria.<\/p>\n<p style=\"text-align: justify;\">\u00a0A cobran\u00e7a come\u00e7a no pr\u00f3ximo m\u00eas.<\/p>\n","protected":false},"excerpt":{"rendered":"<p>A Prefeitura de Campo Grande vai parcelar em 10 vezes, sem juros, o valor acumulado da Contribui\u00e7\u00e3o para o Custeio da Ilumina\u00e7\u00e3o P\u00fablica (Cosip), que deixou de ser paga por decis\u00e3o judicial. O prefeito Marquinhos Trad solicitou parecer da Procuradoria-Geral do Munic\u00edpio sobre o parcelamento da cobran\u00e7a para garantir o m\u00e1ximo de divis\u00e3o poss\u00edvel e [&hellip;]<\/p>\n","protected":false},"author":2,"featured_media":0,"comment_status":"open","ping_status":"open","sticky":false,"template":"","format":"standard","meta":{"_monsterinsights_skip_tracking":false,"_monsterinsights_sitenote_active":false,"_monsterinsights_sitenote_note":"","_monsterinsights_sitenote_category":0},"categories":[4328,15],"tags":[123,29393,7501,6587,165,3609],"aioseo_notices":[],"_links":{"self":[{"href":"http:\/\/mspontocom.com.br\/site\/wp-json\/wp\/v2\/posts\/122749"}],"collection":[{"href":"http:\/\/mspontocom.com.br\/site\/wp-json\/wp\/v2\/posts"}],"about":[{"href":"http:\/\/mspontocom.com.br\/site\/wp-json\/wp\/v2\/types\/post"}],"author":[{"embeddable":true,"href":"http:\/\/mspontocom.com.br\/site\/wp-json\/wp\/v2\/users\/2"}],"replies":[{"embeddable":true,"href":"http:\/\/mspontocom.com.br\/site\/wp-json\/wp\/v2\/comments?post=122749"}],"version-history":[{"count":0,"href":"http:\/\/mspontocom.com.br\/site\/wp-json\/wp\/v2\/posts\/122749\/revisions"}],"wp:attachment":[{"href":"http:\/\/mspontocom.com.br\/site\/wp-json\/wp\/v2\/media?parent=122749"}],"wp:term":[{"taxonomy":"category","embeddable":true,"href":"http:\/\/mspontocom.com.br\/site\/wp-json\/wp\/v2\/categories?post=122749"},{"taxonomy":"post_tag","embeddable":true,"href":"http:\/\/mspontocom.com.br\/site\/wp-json\/wp\/v2\/tags?post=122749"}],"curies":[{"name":"wp","href":"https:\/\/api.w.org\/{rel}","templated":true}]}}