{"id":122766,"date":"2017-06-29T15:30:48","date_gmt":"2017-06-29T19:30:48","guid":{"rendered":"https:\/\/mspontocom.com.br\/site\/?p=122766"},"modified":"2017-06-29T13:49:03","modified_gmt":"2017-06-29T17:49:03","slug":"camara-de-campo-grande-finaliza-preparativos-para-concurso-publico","status":"publish","type":"post","link":"http:\/\/mspontocom.com.br\/site\/camara-de-campo-grande-finaliza-preparativos-para-concurso-publico\/","title":{"rendered":"C\u00e2mara de Campo Grande finaliza preparativos para concurso p\u00fablico"},"content":{"rendered":"<p style=\"text-align: justify;\"><a href=\"https:\/\/mspontocom.com.br\/site\/wp-content\/uploads\/2017\/06\/Concurso-p\u00fablico1.jpg\"><img loading=\"lazy\" class=\"alignleft size-full wp-image-122767\" alt=\"Concurso p\u00fablico\" src=\"https:\/\/mspontocom.com.br\/site\/wp-content\/uploads\/2017\/06\/Concurso-p\u00fablico1.jpg\" width=\"640\" height=\"470\" \/><\/a>Os vereadores da<strong> C\u00e2mara Municipal de Campo Grande<\/strong> aprovaram na sess\u00e3o ordin\u00e1ria desta ter\u00e7a-feira (27), dois Projetos \u00a0que s\u00e3o o \u00faltimo passo para abertura do <strong>edital do concurso\u00a0<\/strong>de cargos efetivos da Casa de Leis.<\/p>\n<p style=\"text-align: justify;\">Em Plen\u00e1rio, foi aprovado o Projeto de Resolu\u00e7\u00e3o que disp\u00f5e sobre o Plano de Cargos, Carreiras e Remunera\u00e7\u00e3o da C\u00e2mara Municipal de Campo Grande.<\/p>\n<p style=\"text-align: justify;\">E tamb\u00e9m o Projeto de Resolu\u00e7\u00e3o que disp\u00f5e sobre o Regulamento Interno que organiza a estrutura administrativa da C\u00e2mara Municipal de Campo Grande e d\u00e1 outras provid\u00eancias.<\/p>\n<p style=\"text-align: justify;\">As duas propostas estabelecem as regras e a toda estrutura organizacional dos cargos e \u00e9 o \u00faltimo passo necess\u00e1rio para que o<strong> edital do concurso<\/strong> seja lan\u00e7ado oficialmente pela <strong>Fapec<\/strong> (Funda\u00e7\u00e3o de Apoio \u00e0 Pesquisa, ao Ensino e a Cultura), empresa respons\u00e1vel pela elabora\u00e7\u00e3o do certame.<\/p>\n<p>&nbsp;<\/p>\n<p>&nbsp;<\/p>\n","protected":false},"excerpt":{"rendered":"<p>Os vereadores da C\u00e2mara Municipal de Campo Grande aprovaram na sess\u00e3o ordin\u00e1ria desta ter\u00e7a-feira (27), dois Projetos \u00a0que s\u00e3o o \u00faltimo passo para abertura do edital do concurso\u00a0de cargos efetivos da Casa de Leis. Em Plen\u00e1rio, foi aprovado o Projeto de Resolu\u00e7\u00e3o que disp\u00f5e sobre o Plano de Cargos, Carreiras e Remunera\u00e7\u00e3o da C\u00e2mara Municipal [&hellip;]<\/p>\n","protected":false},"author":2,"featured_media":0,"comment_status":"open","ping_status":"open","sticky":false,"template":"","format":"standard","meta":{"_monsterinsights_skip_tracking":false,"_monsterinsights_sitenote_active":false,"_monsterinsights_sitenote_note":"","_monsterinsights_sitenote_category":0},"categories":[4328],"tags":[1271,29396,6587,109],"aioseo_notices":[],"_links":{"self":[{"href":"http:\/\/mspontocom.com.br\/site\/wp-json\/wp\/v2\/posts\/122766"}],"collection":[{"href":"http:\/\/mspontocom.com.br\/site\/wp-json\/wp\/v2\/posts"}],"about":[{"href":"http:\/\/mspontocom.com.br\/site\/wp-json\/wp\/v2\/types\/post"}],"author":[{"embeddable":true,"href":"http:\/\/mspontocom.com.br\/site\/wp-json\/wp\/v2\/users\/2"}],"replies":[{"embeddable":true,"href":"http:\/\/mspontocom.com.br\/site\/wp-json\/wp\/v2\/comments?post=122766"}],"version-history":[{"count":0,"href":"http:\/\/mspontocom.com.br\/site\/wp-json\/wp\/v2\/posts\/122766\/revisions"}],"wp:attachment":[{"href":"http:\/\/mspontocom.com.br\/site\/wp-json\/wp\/v2\/media?parent=122766"}],"wp:term":[{"taxonomy":"category","embeddable":true,"href":"http:\/\/mspontocom.com.br\/site\/wp-json\/wp\/v2\/categories?post=122766"},{"taxonomy":"post_tag","embeddable":true,"href":"http:\/\/mspontocom.com.br\/site\/wp-json\/wp\/v2\/tags?post=122766"}],"curies":[{"name":"wp","href":"https:\/\/api.w.org\/{rel}","templated":true}]}}