{"id":122831,"date":"2017-07-01T11:00:21","date_gmt":"2017-07-01T15:00:21","guid":{"rendered":"https:\/\/mspontocom.com.br\/site\/?p=122831"},"modified":"2017-07-01T08:29:41","modified_gmt":"2017-07-01T12:29:41","slug":"campo-grande-tera-unidade-tecnico-cientifica-da-fiocruz","status":"publish","type":"post","link":"http:\/\/mspontocom.com.br\/site\/campo-grande-tera-unidade-tecnico-cientifica-da-fiocruz\/","title":{"rendered":"Campo Grande ter\u00e1 unidade t\u00e9cnico cient\u00edfica da  Fiocruz"},"content":{"rendered":"<p style=\"text-align: justify;\"><a href=\"https:\/\/mspontocom.com.br\/site\/wp-content\/uploads\/2017\/07\/fiocruz-2016.jpg\"><img loading=\"lazy\" class=\"alignleft size-full wp-image-122832\" alt=\"fiocruz-2016\" src=\"https:\/\/mspontocom.com.br\/site\/wp-content\/uploads\/2017\/07\/fiocruz-2016.jpg\" width=\"800\" height=\"450\" srcset=\"http:\/\/mspontocom.com.br\/site\/wp-content\/uploads\/2017\/07\/fiocruz-2016.jpg 800w, http:\/\/mspontocom.com.br\/site\/wp-content\/uploads\/2017\/07\/fiocruz-2016-260x146.jpg 260w, http:\/\/mspontocom.com.br\/site\/wp-content\/uploads\/2017\/07\/fiocruz-2016-140x80.jpg 140w\" sizes=\"(max-width: 800px) 100vw, 800px\" \/><\/a>O prefeito Marquinhos Trad assinou na manh\u00e3 desta sexta-feira (30) o termo de doa\u00e7\u00e3o de uma \u00e1rea localizada no \u00a0Jardim das Na\u00e7\u00f5es, regi\u00e3o do bairro Parati, destinada a implanta\u00e7\u00e3o de uma <strong>unidade t\u00e9cnico cient\u00edfica da Funda\u00e7\u00e3o Oswaldo Cruz (Fiocruz). \u00a0<\/strong><\/p>\n<p style=\"text-align: justify;\">O ato ocorreu durante a abertura do Simp\u00f3sio Inova\u00e7\u00e3o em Sa\u00fade \u2013 A Fiocruz em Mato Grosso do Sul \u2013 que acontece no plen\u00e1rio da<strong> C\u00e2mara Municipal.<\/strong><\/p>\n<p style=\"text-align: justify;\">Segundo a diretora regional da Fiocruz, <strong>Jislaine de F\u00e1tima Guilhermino<\/strong>, a previs\u00e3o \u00e9 de que sejam investidos no projeto de constru\u00e7\u00e3o e amplia\u00e7\u00e3o da unidade cerca de R$10 milh\u00f5es.<\/p>\n<p style=\"text-align: justify;\"><span style=\"color: #ff0000;\"><strong>\u201c Estaremos transformando Campo Grande em um polo cientifico o que importante n\u00e3o s\u00f3 para o Estado e a regi\u00e3o Centro-Oeste, mas para todo o pa\u00eds. E isso consequentemente vai abrir caminhos para outras frentes\u201d,<\/strong><\/span> ponderou.<\/p>\n<p style=\"text-align: justify;\">A Fiocruz atua desde 2011 em Campo Grande atrav\u00e9s de um escrit\u00f3rio regional.<\/p>\n<p style=\"text-align: justify;\">Os profissionais da Fiocruz Mato Grosso do Sul atuam em quatro \u00e1reas tem\u00e1ticas priorit\u00e1rias: Meio ambiente e sa\u00fade \u2013 biodiversidade e agroneg\u00f3cio; Sa\u00fade das popula\u00e7\u00f5es ind\u00edgenas; Sa\u00fade e sociedade; Sa\u00fade nas fronteiras.<\/p>\n<p style=\"text-align: justify;\">\n","protected":false},"excerpt":{"rendered":"<p>O prefeito Marquinhos Trad assinou na manh\u00e3 desta sexta-feira (30) o termo de doa\u00e7\u00e3o de uma \u00e1rea localizada no \u00a0Jardim das Na\u00e7\u00f5es, regi\u00e3o do bairro Parati, destinada a implanta\u00e7\u00e3o de uma unidade t\u00e9cnico cient\u00edfica da Funda\u00e7\u00e3o Oswaldo Cruz (Fiocruz). \u00a0 O ato ocorreu durante a abertura do Simp\u00f3sio Inova\u00e7\u00e3o em Sa\u00fade \u2013 A Fiocruz em [&hellip;]<\/p>\n","protected":false},"author":2,"featured_media":122832,"comment_status":"open","ping_status":"open","sticky":false,"template":"","format":"standard","meta":{"_monsterinsights_skip_tracking":false,"_monsterinsights_sitenote_active":false,"_monsterinsights_sitenote_note":"","_monsterinsights_sitenote_category":0},"categories":[4328],"tags":[1271,123,15628,29414,3170,6587,29413,23995],"aioseo_notices":[],"_links":{"self":[{"href":"http:\/\/mspontocom.com.br\/site\/wp-json\/wp\/v2\/posts\/122831"}],"collection":[{"href":"http:\/\/mspontocom.com.br\/site\/wp-json\/wp\/v2\/posts"}],"about":[{"href":"http:\/\/mspontocom.com.br\/site\/wp-json\/wp\/v2\/types\/post"}],"author":[{"embeddable":true,"href":"http:\/\/mspontocom.com.br\/site\/wp-json\/wp\/v2\/users\/2"}],"replies":[{"embeddable":true,"href":"http:\/\/mspontocom.com.br\/site\/wp-json\/wp\/v2\/comments?post=122831"}],"version-history":[{"count":0,"href":"http:\/\/mspontocom.com.br\/site\/wp-json\/wp\/v2\/posts\/122831\/revisions"}],"wp:featuredmedia":[{"embeddable":true,"href":"http:\/\/mspontocom.com.br\/site\/wp-json\/wp\/v2\/media\/122832"}],"wp:attachment":[{"href":"http:\/\/mspontocom.com.br\/site\/wp-json\/wp\/v2\/media?parent=122831"}],"wp:term":[{"taxonomy":"category","embeddable":true,"href":"http:\/\/mspontocom.com.br\/site\/wp-json\/wp\/v2\/categories?post=122831"},{"taxonomy":"post_tag","embeddable":true,"href":"http:\/\/mspontocom.com.br\/site\/wp-json\/wp\/v2\/tags?post=122831"}],"curies":[{"name":"wp","href":"https:\/\/api.w.org\/{rel}","templated":true}]}}