{"id":144955,"date":"2019-11-30T08:50:22","date_gmt":"2019-11-30T12:50:22","guid":{"rendered":"https:\/\/mspontocom.com.br\/site\/?p=144955"},"modified":"2019-12-02T05:32:19","modified_gmt":"2019-12-02T09:32:19","slug":"vagas-de-estagio-devem-chegar-a-85-mil-no-primeiro-trimestre-de-2020","status":"publish","type":"post","link":"http:\/\/mspontocom.com.br\/site\/vagas-de-estagio-devem-chegar-a-85-mil-no-primeiro-trimestre-de-2020\/","title":{"rendered":"Vagas de est\u00e1gio devem chegar a 85 mil no primeiro trimestre de 2020"},"content":{"rendered":"<p style=\"text-align: justify;\"><img loading=\"lazy\" class=\"alignnone size-full wp-image-144956\" src=\"https:\/\/mspontocom.com.br\/site\/wp-content\/uploads\/2019\/11\/site-estagio-e1575118165408.jpg\" alt=\"\" width=\"550\" height=\"352\" srcset=\"http:\/\/mspontocom.com.br\/site\/wp-content\/uploads\/2019\/11\/site-estagio-e1575118165408.jpg 550w, http:\/\/mspontocom.com.br\/site\/wp-content\/uploads\/2019\/11\/site-estagio-e1575118165408-260x166.jpg 260w\" sizes=\"(max-width: 550px) 100vw, 550px\" \/><\/p>\n<p style=\"text-align: justify;\">O\u00a0<strong>Centro de Integra\u00e7\u00e3o Empresa-Escola \u2013 CIEE<\/strong>\u00a0estima que ser\u00e3o abertas mais de\u00a0<strong>85 mil vagas de est\u00e1gio e aprendizagem<\/strong>\u00a0s\u00f3 no primeiro trimestre de 2020.<\/p>\n<p style=\"text-align: justify;\">O superintendente Nacional de Opera\u00e7\u00f5es do CIEE, Marcelo Gallo, destaca que o momento de procurar o primeiro emprego ou est\u00e1gio \u00e9 esse.<\/p>\n<p style=\"text-align: justify;\"><span style=\"color: #ff0000;\">\u201cNesse momento, de fim e come\u00e7o de ano, as empresas est\u00e3o em planejamento de quadro de funcion\u00e1rios. \u00c9 um per\u00edodo interessante para quem busca uma inser\u00e7\u00e3o no mundo do trabalho\u201d,<\/span> explica.<\/p>\n<p style=\"text-align: justify;\">Para Humberto Casagrande, superintendente Geral do CIEE, a perspectiva de crescimento reflete um momento de otimismo do mercado, por\u00e9m ainda preocupante, uma vez que a taxa de desemprego entre a popula\u00e7\u00e3o de 18 a 24 anos supera o dobro da m\u00e9dia geral, com 25,7% (segundo o IBGE).<\/p>\n<p style=\"text-align: justify;\">De acordo com o BEM, o Boletim Estat\u00edstico Mensal do CIEE, que compilou os dados de janeiro a outubro de 2019 (ou seja, uma parcial do ano corrente), os cursos de maior procura para est\u00e1gio no Ensino Superior s\u00e3o Direito, Pedagogia e Administra\u00e7\u00e3o.<\/p>\n<p style=\"text-align: justify;\">Para conferir as vagas de est\u00e1gio e aprendiz dispon\u00edveis pelo CIEE, basta acessar o site oficial,\u00a0<a href=\"https:\/\/portal.ciee.org.br\/\" target=\"_blank\" rel=\"noopener\" data-saferedirecturl=\"https:\/\/www.google.com\/url?q=https:\/\/portal.ciee.org.br\/&amp;source=gmail&amp;ust=1575201543039000&amp;usg=AFQjCNGoP1QD-nU5pAN6__iFtG_T9P_Mww\">ciee.org.br<\/a>. O cadastro, bem como todos os servi\u00e7os oferecidos aos estudantes e aprendizes, \u00e9 gratuito.<\/p>\n","protected":false},"excerpt":{"rendered":"<p>O\u00a0Centro de Integra\u00e7\u00e3o Empresa-Escola \u2013 CIEE\u00a0estima que ser\u00e3o abertas mais de\u00a085 mil vagas de est\u00e1gio e aprendizagem\u00a0s\u00f3 no primeiro trimestre de 2020. O superintendente Nacional de Opera\u00e7\u00f5es do CIEE, Marcelo Gallo, destaca que o momento de procurar o primeiro emprego ou est\u00e1gio \u00e9 esse. \u201cNesse momento, de fim e come\u00e7o de ano, as empresas est\u00e3o [&hellip;]<\/p>\n","protected":false},"author":2,"featured_media":144956,"comment_status":"open","ping_status":"open","sticky":false,"template":"","format":"standard","meta":{"_monsterinsights_skip_tracking":false,"_monsterinsights_sitenote_active":false,"_monsterinsights_sitenote_note":"","_monsterinsights_sitenote_category":0},"categories":[30260,28176],"tags":[348,6350,6587,347],"aioseo_notices":[],"_links":{"self":[{"href":"http:\/\/mspontocom.com.br\/site\/wp-json\/wp\/v2\/posts\/144955"}],"collection":[{"href":"http:\/\/mspontocom.com.br\/site\/wp-json\/wp\/v2\/posts"}],"about":[{"href":"http:\/\/mspontocom.com.br\/site\/wp-json\/wp\/v2\/types\/post"}],"author":[{"embeddable":true,"href":"http:\/\/mspontocom.com.br\/site\/wp-json\/wp\/v2\/users\/2"}],"replies":[{"embeddable":true,"href":"http:\/\/mspontocom.com.br\/site\/wp-json\/wp\/v2\/comments?post=144955"}],"version-history":[{"count":0,"href":"http:\/\/mspontocom.com.br\/site\/wp-json\/wp\/v2\/posts\/144955\/revisions"}],"wp:featuredmedia":[{"embeddable":true,"href":"http:\/\/mspontocom.com.br\/site\/wp-json\/wp\/v2\/media\/144956"}],"wp:attachment":[{"href":"http:\/\/mspontocom.com.br\/site\/wp-json\/wp\/v2\/media?parent=144955"}],"wp:term":[{"taxonomy":"category","embeddable":true,"href":"http:\/\/mspontocom.com.br\/site\/wp-json\/wp\/v2\/categories?post=144955"},{"taxonomy":"post_tag","embeddable":true,"href":"http:\/\/mspontocom.com.br\/site\/wp-json\/wp\/v2\/tags?post=144955"}],"curies":[{"name":"wp","href":"https:\/\/api.w.org\/{rel}","templated":true}]}}