{"id":146375,"date":"2020-02-07T06:11:22","date_gmt":"2020-02-07T10:11:22","guid":{"rendered":"https:\/\/mspontocom.com.br\/site\/?p=146375"},"modified":"2020-02-07T06:11:22","modified_gmt":"2020-02-07T10:11:22","slug":"intercept-juiz-afirma-que-glenn-greenwald-instigou-hackers","status":"publish","type":"post","link":"http:\/\/mspontocom.com.br\/site\/intercept-juiz-afirma-que-glenn-greenwald-instigou-hackers\/","title":{"rendered":"Intercept: Juiz afirma que Glenn Greenwald \u2018instigou\u2019 hackers"},"content":{"rendered":"<p style=\"text-align: justify;\"><img loading=\"lazy\" class=\"alignnone size-full wp-image-146376\" src=\"https:\/\/mspontocom.com.br\/site\/wp-content\/uploads\/2020\/02\/site-intercept-juiz-afirma-que-glenn-greenwald-instigou-hackers-glen-e1581070208367.png\" alt=\"\" width=\"601\" height=\"361\" \/>Ao rejeitar, \u2018por ora\u2019, a den\u00fancia contra o jornalista Glenn Greenwald, o juiz Ricardo Soares Leite, da 10\u00aa Vara Federal Criminal de Bras\u00edlia, afirmou que o editor do The Intercept Brasil\u00a0<a href=\"https:\/\/politica.estadao.com.br\/blogs\/fausto-macedo\/juiz-rejeita-denuncia-contra-glenn-greenwald\/\">foi \u2018instigador da conduta\u2019 dos hackers acusados no \u00e2mbito da Opera\u00e7\u00e3o Spoofing, que mira um esquema de invas\u00e3o de celulares e roubo de mensagens de autoridades p\u00fablicas, como o ministro da Justi\u00e7a e Seguran\u00e7a P\u00fablica, S\u00e9rgio Moro.<\/a><\/p>\n<p style=\"text-align: justify;\">O magistrado afirmou que, apesar de encontrar ind\u00edcios criminosos contra Glenn, uma liminar do ministro Gilmar Mendes, do Supremo Tribunal Federal, pro\u00edbe a responsabiliza\u00e7\u00e3o e investiga\u00e7\u00e3o sobre o jornalista.<\/p>\n<p style=\"text-align: justify;\">\u201cDeixo de receber, por ora, a den\u00fancia em desfavor de Glenn Greenwald, diante da controv\u00e9rsia sobre a amplitude da liminar deferida pelo ministro Gilmar Mendes\u201d, escreveu Leite.<\/p>\n<p style=\"text-align: justify;\">Por outro lado, o juiz afirmou \u2018concordar\u2019 com a den\u00fancia oferecida pelo procurador da Rep\u00fablica Wellington Divino Marques, e disse que \u2018h\u00e1 ind\u00edcios de que a instiga\u00e7\u00e3o n\u00e3o foi apenas para destrui\u00e7\u00e3o de material, de forma a aparentar que todo conte\u00fado foi recebido pelo jornalista de uma \u00fanica vez e a publica\u00e7\u00e3o ocorrido ap\u00f3s a entrega de todo material\u2019.<\/p>\n<p>&nbsp;<\/p>\n<p>fonte:Fausto Macedo, o Estado<\/p>\n","protected":false},"excerpt":{"rendered":"<p>Ao rejeitar, \u2018por ora\u2019, a den\u00fancia contra o jornalista Glenn Greenwald, o juiz Ricardo Soares Leite, da 10\u00aa Vara Federal Criminal de Bras\u00edlia, afirmou que o editor do The Intercept Brasil\u00a0foi \u2018instigador da conduta\u2019 dos hackers acusados no \u00e2mbito da Opera\u00e7\u00e3o Spoofing, que mira um esquema de invas\u00e3o de celulares e roubo de mensagens de [&hellip;]<\/p>\n","protected":false},"author":2,"featured_media":0,"comment_status":"open","ping_status":"open","sticky":false,"template":"","format":"standard","meta":{"_monsterinsights_skip_tracking":false,"_monsterinsights_sitenote_active":false,"_monsterinsights_sitenote_note":"","_monsterinsights_sitenote_category":0},"categories":[6,30260,2528,30259],"tags":[34203,2081],"aioseo_notices":[],"_links":{"self":[{"href":"http:\/\/mspontocom.com.br\/site\/wp-json\/wp\/v2\/posts\/146375"}],"collection":[{"href":"http:\/\/mspontocom.com.br\/site\/wp-json\/wp\/v2\/posts"}],"about":[{"href":"http:\/\/mspontocom.com.br\/site\/wp-json\/wp\/v2\/types\/post"}],"author":[{"embeddable":true,"href":"http:\/\/mspontocom.com.br\/site\/wp-json\/wp\/v2\/users\/2"}],"replies":[{"embeddable":true,"href":"http:\/\/mspontocom.com.br\/site\/wp-json\/wp\/v2\/comments?post=146375"}],"version-history":[{"count":0,"href":"http:\/\/mspontocom.com.br\/site\/wp-json\/wp\/v2\/posts\/146375\/revisions"}],"wp:attachment":[{"href":"http:\/\/mspontocom.com.br\/site\/wp-json\/wp\/v2\/media?parent=146375"}],"wp:term":[{"taxonomy":"category","embeddable":true,"href":"http:\/\/mspontocom.com.br\/site\/wp-json\/wp\/v2\/categories?post=146375"},{"taxonomy":"post_tag","embeddable":true,"href":"http:\/\/mspontocom.com.br\/site\/wp-json\/wp\/v2\/tags?post=146375"}],"curies":[{"name":"wp","href":"https:\/\/api.w.org\/{rel}","templated":true}]}}