{"id":146393,"date":"2020-02-07T13:42:28","date_gmt":"2020-02-07T17:42:28","guid":{"rendered":"https:\/\/mspontocom.com.br\/site\/?p=146393"},"modified":"2020-02-07T08:46:27","modified_gmt":"2020-02-07T12:46:27","slug":"campo-grande-abre-inscricoes-para-o-39o-levanta-juventude","status":"publish","type":"post","link":"http:\/\/mspontocom.com.br\/site\/campo-grande-abre-inscricoes-para-o-39o-levanta-juventude\/","title":{"rendered":"Campo Grande abre inscri\u00e7\u00f5es para o 39\u00ba Levanta Juventude"},"content":{"rendered":"<p style=\"text-align: justify;\"><img loading=\"lazy\" class=\"alignnone size-full wp-image-146394\" src=\"https:\/\/mspontocom.com.br\/site\/wp-content\/uploads\/2020\/02\/site-campo-grande-abre-inscricoes-para-o-39o-levanta-juventude-levanta.jpg\" alt=\"\" width=\"320\" height=\"320\" \/><\/p>\n<p style=\"text-align: justify;\">A Prefeitura de Campo Grande, por meio da Subsecretaria de Pol\u00edticas para a Juventude, est\u00e1 com inscri\u00e7\u00f5es abertas para o 39\u00ba Levanta Juventude, que acontecer\u00e1 de 17 a 21 de fevereiro, no audit\u00f3rio do Instituto Avan\u00e7ado de Ensino Superior e Desenvolvimento Humano \u2013 Insted, localizado na Rua 26 de Agosto, 63 \u2013 Centro de Campo Grande.<\/p>\n<p style=\"text-align: justify;\">Ser\u00e3o 5 dias de imers\u00f5es com os temas Marketing Pessoal, Dic\u00e7\u00e3o, Orat\u00f3ria, Empregabilidade, Curr\u00edculo, Lideran\u00e7a, Empreendedorismo, Habilidade Comportamental e Intelig\u00eancia Emocional. Todas as palestras ser\u00e3o ministradas por profissionais que atuam nas respectivas \u00e1reas.<\/p>\n<p style=\"text-align: justify;\">Para participar do 39\u00ba Levanta Juventude ligue 3314-3577 ou acesse pelo WhatsApp (67)9.9155-0831 ou pessoalmente na sede da Subsecretaria de Pol\u00edticas para a Juventude localizado na Rua 15 de Novembro, 532 \u2013 Centro.<\/p>\n<p>&nbsp;<\/p>\n","protected":false},"excerpt":{"rendered":"<p>A Prefeitura de Campo Grande, por meio da Subsecretaria de Pol\u00edticas para a Juventude, est\u00e1 com inscri\u00e7\u00f5es abertas para o 39\u00ba Levanta Juventude, que acontecer\u00e1 de 17 a 21 de fevereiro, no audit\u00f3rio do Instituto Avan\u00e7ado de Ensino Superior e Desenvolvimento Humano \u2013 Insted, localizado na Rua 26 de Agosto, 63 \u2013 Centro de Campo [&hellip;]<\/p>\n","protected":false},"author":2,"featured_media":0,"comment_status":"open","ping_status":"open","sticky":false,"template":"","format":"standard","meta":{"_monsterinsights_skip_tracking":false,"_monsterinsights_sitenote_active":false,"_monsterinsights_sitenote_note":"","_monsterinsights_sitenote_category":0},"categories":[4328],"tags":[17887,34973],"aioseo_notices":[],"_links":{"self":[{"href":"http:\/\/mspontocom.com.br\/site\/wp-json\/wp\/v2\/posts\/146393"}],"collection":[{"href":"http:\/\/mspontocom.com.br\/site\/wp-json\/wp\/v2\/posts"}],"about":[{"href":"http:\/\/mspontocom.com.br\/site\/wp-json\/wp\/v2\/types\/post"}],"author":[{"embeddable":true,"href":"http:\/\/mspontocom.com.br\/site\/wp-json\/wp\/v2\/users\/2"}],"replies":[{"embeddable":true,"href":"http:\/\/mspontocom.com.br\/site\/wp-json\/wp\/v2\/comments?post=146393"}],"version-history":[{"count":0,"href":"http:\/\/mspontocom.com.br\/site\/wp-json\/wp\/v2\/posts\/146393\/revisions"}],"wp:attachment":[{"href":"http:\/\/mspontocom.com.br\/site\/wp-json\/wp\/v2\/media?parent=146393"}],"wp:term":[{"taxonomy":"category","embeddable":true,"href":"http:\/\/mspontocom.com.br\/site\/wp-json\/wp\/v2\/categories?post=146393"},{"taxonomy":"post_tag","embeddable":true,"href":"http:\/\/mspontocom.com.br\/site\/wp-json\/wp\/v2\/tags?post=146393"}],"curies":[{"name":"wp","href":"https:\/\/api.w.org\/{rel}","templated":true}]}}