{"id":146435,"date":"2020-02-10T09:20:45","date_gmt":"2020-02-10T13:20:45","guid":{"rendered":"https:\/\/mspontocom.com.br\/site\/?p=146435"},"modified":"2020-02-10T08:18:45","modified_gmt":"2020-02-10T12:18:45","slug":"capacitacao-empretec-esta-com-inscricoes-abertas-em-campo-grande","status":"publish","type":"post","link":"http:\/\/mspontocom.com.br\/site\/capacitacao-empretec-esta-com-inscricoes-abertas-em-campo-grande\/","title":{"rendered":"Capacita\u00e7\u00e3o Empretec est\u00e1 com inscri\u00e7\u00f5es abertas em Campo Grande"},"content":{"rendered":"<p style=\"text-align: justify;\"><img loading=\"lazy\" class=\"alignnone size-full wp-image-144665\" src=\"https:\/\/mspontocom.com.br\/site\/wp-content\/uploads\/2019\/11\/site-sebrae1-2.jpg\" alt=\"\" width=\"658\" height=\"509\" srcset=\"http:\/\/mspontocom.com.br\/site\/wp-content\/uploads\/2019\/11\/site-sebrae1-2.jpg 658w, http:\/\/mspontocom.com.br\/site\/wp-content\/uploads\/2019\/11\/site-sebrae1-2-260x201.jpg 260w\" sizes=\"(max-width: 658px) 100vw, 658px\" \/>Caracter\u00edsticas do comportamento empreendedor ser\u00e3o trabalhadas durante o Empretec, que acontece de 17 a 22 de fevereiro, na sede do Sebrae\/MS em Campo Grande (<a href=\"https:\/\/seblink.sebrae.ms\/cl\/PHUj_\/K2S\/3720\/F3jSwo-Ic_g\/BNpD\/CuzpAScqvpq\/1\/\" target=\"_blank\" rel=\"noopener\" data-saferedirecturl=\"https:\/\/www.google.com\/url?q=https:\/\/seblink.sebrae.ms\/cl\/PHUj_\/K2S\/3720\/F3jSwo-Ic_g\/BNpD\/CuzpAScqvpq\/1\/&amp;source=gmail&amp;ust=1581420386250000&amp;usg=AFQjCNEKMASOcF8aUoVrGLCVvaQU0ON4SQ\"><u>Av. Mato Grosso, 1661<\/u><\/a>).<\/p>\n<p style=\"text-align: justify;\">S\u00e3o 60h de capacita\u00e7\u00e3o em seis dias de imers\u00e3o total, em que o participante \u00e9 desafiado por meio de atividades pr\u00e1ticas.<\/p>\n<p>O Empretec \u00e9 um curso intensivo que tem como objetivo permitir que o participante possa vivenciar o empreendedorismo ao extremo para desenvolver habilidades consideradas essenciais para quem necessita gerenciar uma empresa no dia a dia.<\/p>\n<p>Voltada para empres\u00e1rios que precisam fortalecer atitudes vencedoras que contribuir\u00e3o para alavancar e transformar empresas para melhor, o curso tem investimento de R$1.200,00, que pode ser parcelado em at\u00e9 10 vezes.<\/p>\n<p style=\"text-align: justify;\">As inscri\u00e7\u00f5es podem ser realizadas atrav\u00e9s da<a href=\"https:\/\/seblink.sebrae.ms\/cl\/PHUj_\/K2S\/3720\/F3jSwo-Ic_g\/BNpD\/KMn2eQJb4pt\/1\/\" target=\"_blank\" rel=\"noopener\" data-saferedirecturl=\"https:\/\/www.google.com\/url?q=https:\/\/seblink.sebrae.ms\/cl\/PHUj_\/K2S\/3720\/F3jSwo-Ic_g\/BNpD\/KMn2eQJb4pt\/1\/&amp;source=gmail&amp;ust=1581420386250000&amp;usg=AFQjCNEVvellZ7YLC_sC6NWpoXJrw3TVkA\"><u>\u00a0Loja Virtual do Sebrae<\/u><\/a>. Mais informa\u00e7\u00f5es pelo telefone 0800 570 0800.<\/p>\n<p><b>Servi\u00e7o:<\/b><\/p>\n<p><a href=\"https:\/\/seblink.sebrae.ms\/cl\/PHUj_\/K2S\/3720\/F3jSwo-Ic_g\/BNpD\/KMn2eQJb4pt\/2\/\" target=\"_blank\" rel=\"noopener\" data-saferedirecturl=\"https:\/\/www.google.com\/url?q=https:\/\/seblink.sebrae.ms\/cl\/PHUj_\/K2S\/3720\/F3jSwo-Ic_g\/BNpD\/KMn2eQJb4pt\/2\/&amp;source=gmail&amp;ust=1581420386251000&amp;usg=AFQjCNEp-l5VZf-ZVffzqNpIMnTK7gej4w\"><u>Empretec Campo Grande<\/u><\/a><br \/>\n17\/02\/2020 \u00e0s 08:00 at\u00e9 22\/02\/2020 \u00e0s 18:00<br \/>\nSebrae\/MS (<a href=\"https:\/\/seblink.sebrae.ms\/cl\/PHUj_\/K2S\/3720\/F3jSwo-Ic_g\/BNpD\/CuzpAScqvpq\/2\/\" target=\"_blank\" rel=\"noopener\" data-saferedirecturl=\"https:\/\/www.google.com\/url?q=https:\/\/seblink.sebrae.ms\/cl\/PHUj_\/K2S\/3720\/F3jSwo-Ic_g\/BNpD\/CuzpAScqvpq\/2\/&amp;source=gmail&amp;ust=1581420386251000&amp;usg=AFQjCNE6PdsFXCD_K2iu1MZBMnaBDM7sHw\"><u>Av. Mato Grosso, 1661<\/u><\/a>)<\/p>\n","protected":false},"excerpt":{"rendered":"<p>Caracter\u00edsticas do comportamento empreendedor ser\u00e3o trabalhadas durante o Empretec, que acontece de 17 a 22 de fevereiro, na sede do Sebrae\/MS em Campo Grande (Av. Mato Grosso, 1661). S\u00e3o 60h de capacita\u00e7\u00e3o em seis dias de imers\u00e3o total, em que o participante \u00e9 desafiado por meio de atividades pr\u00e1ticas. O Empretec \u00e9 um curso intensivo [&hellip;]<\/p>\n","protected":false},"author":2,"featured_media":144665,"comment_status":"open","ping_status":"open","sticky":false,"template":"","format":"standard","meta":{"_monsterinsights_skip_tracking":false,"_monsterinsights_sitenote_active":false,"_monsterinsights_sitenote_note":"","_monsterinsights_sitenote_category":0},"categories":[4328,15],"tags":[123,16547,455,536],"aioseo_notices":[],"_links":{"self":[{"href":"http:\/\/mspontocom.com.br\/site\/wp-json\/wp\/v2\/posts\/146435"}],"collection":[{"href":"http:\/\/mspontocom.com.br\/site\/wp-json\/wp\/v2\/posts"}],"about":[{"href":"http:\/\/mspontocom.com.br\/site\/wp-json\/wp\/v2\/types\/post"}],"author":[{"embeddable":true,"href":"http:\/\/mspontocom.com.br\/site\/wp-json\/wp\/v2\/users\/2"}],"replies":[{"embeddable":true,"href":"http:\/\/mspontocom.com.br\/site\/wp-json\/wp\/v2\/comments?post=146435"}],"version-history":[{"count":0,"href":"http:\/\/mspontocom.com.br\/site\/wp-json\/wp\/v2\/posts\/146435\/revisions"}],"wp:featuredmedia":[{"embeddable":true,"href":"http:\/\/mspontocom.com.br\/site\/wp-json\/wp\/v2\/media\/144665"}],"wp:attachment":[{"href":"http:\/\/mspontocom.com.br\/site\/wp-json\/wp\/v2\/media?parent=146435"}],"wp:term":[{"taxonomy":"category","embeddable":true,"href":"http:\/\/mspontocom.com.br\/site\/wp-json\/wp\/v2\/categories?post=146435"},{"taxonomy":"post_tag","embeddable":true,"href":"http:\/\/mspontocom.com.br\/site\/wp-json\/wp\/v2\/tags?post=146435"}],"curies":[{"name":"wp","href":"https:\/\/api.w.org\/{rel}","templated":true}]}}