{"id":146483,"date":"2020-02-12T08:53:41","date_gmt":"2020-02-12T12:53:41","guid":{"rendered":"https:\/\/mspontocom.com.br\/site\/?p=146483"},"modified":"2020-02-12T07:58:41","modified_gmt":"2020-02-12T11:58:41","slug":"campo-grande-prefeitura-abre-inscricoes-do-cursinho-preparatorio-enem-2020","status":"publish","type":"post","link":"http:\/\/mspontocom.com.br\/site\/campo-grande-prefeitura-abre-inscricoes-do-cursinho-preparatorio-enem-2020\/","title":{"rendered":"Campo Grande: Prefeitura abre inscri\u00e7\u00f5es do cursinho preparat\u00f3rio ENEM 2020"},"content":{"rendered":"<p style=\"text-align: justify;\"><img loading=\"lazy\" class=\"alignnone size-full wp-image-146484\" src=\"https:\/\/mspontocom.com.br\/site\/wp-content\/uploads\/2020\/02\/site-campo-grande-prefeitura-abre-inscricoes-do-cursinho-preparatorio-enem-2020-enem1-e1581508669537.png\" alt=\"\" width=\"744\" height=\"350\" \/>Os estudantes que querem entrar em uma universidade p\u00fablica ou particular e v\u00e3o prestar o Exame Nacional do Ensino M\u00e9dio (Enem), e que s\u00e3o, preferencialmente, oriundos de escola p\u00fablica, j\u00e1 podem fazer o cadastro para participar do Cursinho Levanta Juventude.<\/p>\n<p style=\"text-align: justify;\">As inscri\u00e7\u00f5es\u00a0 v\u00e3o at\u00e9 dia 28 de fevereiro.<\/p>\n<p style=\"text-align: justify;\">Para garantir a vaga no cursinho, os estudantes devem levar apenas um documento com foto at\u00e9 a sede da\u00a0Subjuv (Rua 15 de Novembro, 532 \u2013 Centro) e fazer a sua inscri\u00e7\u00e3o.<\/p>\n<p style=\"text-align: justify;\">Durante o curso, os participantes ter\u00e3o dicas e orienta\u00e7\u00f5es sobre os principais temas cobrados pela avalia\u00e7\u00e3o nacional, como portugu\u00eas, matem\u00e1tica, f\u00edsica, qu\u00edmica, reda\u00e7\u00e3o, atualidades, dentre outras mat\u00e9rias.<\/p>\n<p style=\"text-align: justify;\">Promovido pela Subjuv, em parceria com professores renomados, que lecionam nas principais escolas particulares de Campo Grande, a inten\u00e7\u00e3o \u00e9 garantir que os alunos de escolas p\u00fablicas tenham a mesma chance de entrar em uma universidade do que aqueles que possuem condi\u00e7\u00f5es de ter um melhor ensino escolar.<\/p>\n<p style=\"text-align: justify;\">Interessados em participar do curso\u00a0 basta ligar no 3314-3577, ou acessar via whatsapp (67) 99155-0831 ou ir pessoalmente \u00e0 sede da Subsecretaria de Pol\u00edtica para a Juventude \u2013 localizada na Rua 15 de Novembro, 532 \u2013 Centro.<\/p>\n","protected":false},"excerpt":{"rendered":"<p>Os estudantes que querem entrar em uma universidade p\u00fablica ou particular e v\u00e3o prestar o Exame Nacional do Ensino M\u00e9dio (Enem), e que s\u00e3o, preferencialmente, oriundos de escola p\u00fablica, j\u00e1 podem fazer o cadastro para participar do Cursinho Levanta Juventude. As inscri\u00e7\u00f5es\u00a0 v\u00e3o at\u00e9 dia 28 de fevereiro. Para garantir a vaga no cursinho, os [&hellip;]<\/p>\n","protected":false},"author":2,"featured_media":0,"comment_status":"open","ping_status":"open","sticky":false,"template":"","format":"standard","meta":{"_monsterinsights_skip_tracking":false,"_monsterinsights_sitenote_active":false,"_monsterinsights_sitenote_note":"","_monsterinsights_sitenote_category":0},"categories":[4328],"tags":[17887,34987],"aioseo_notices":[],"_links":{"self":[{"href":"http:\/\/mspontocom.com.br\/site\/wp-json\/wp\/v2\/posts\/146483"}],"collection":[{"href":"http:\/\/mspontocom.com.br\/site\/wp-json\/wp\/v2\/posts"}],"about":[{"href":"http:\/\/mspontocom.com.br\/site\/wp-json\/wp\/v2\/types\/post"}],"author":[{"embeddable":true,"href":"http:\/\/mspontocom.com.br\/site\/wp-json\/wp\/v2\/users\/2"}],"replies":[{"embeddable":true,"href":"http:\/\/mspontocom.com.br\/site\/wp-json\/wp\/v2\/comments?post=146483"}],"version-history":[{"count":0,"href":"http:\/\/mspontocom.com.br\/site\/wp-json\/wp\/v2\/posts\/146483\/revisions"}],"wp:attachment":[{"href":"http:\/\/mspontocom.com.br\/site\/wp-json\/wp\/v2\/media?parent=146483"}],"wp:term":[{"taxonomy":"category","embeddable":true,"href":"http:\/\/mspontocom.com.br\/site\/wp-json\/wp\/v2\/categories?post=146483"},{"taxonomy":"post_tag","embeddable":true,"href":"http:\/\/mspontocom.com.br\/site\/wp-json\/wp\/v2\/tags?post=146483"}],"curies":[{"name":"wp","href":"https:\/\/api.w.org\/{rel}","templated":true}]}}