{"id":153852,"date":"2020-11-19T08:38:11","date_gmt":"2020-11-19T12:38:11","guid":{"rendered":"https:\/\/mspontocom.com.br\/site\/?p=153852"},"modified":"2020-11-19T07:14:16","modified_gmt":"2020-11-19T11:14:16","slug":"unicef-oferece-cursos-gratuitos-para-profissionais-que-atuam-com-criancas-e-adolescentes","status":"publish","type":"post","link":"http:\/\/mspontocom.com.br\/site\/unicef-oferece-cursos-gratuitos-para-profissionais-que-atuam-com-criancas-e-adolescentes\/","title":{"rendered":"Unicef oferece cursos gratuitos para profissionais que atuam com crian\u00e7as e adolescentes"},"content":{"rendered":"<p style=\"text-align: justify;\"><img loading=\"lazy\" class=\"alignnone size-full wp-image-153853\" src=\"https:\/\/mspontocom.com.br\/site\/wp-content\/uploads\/2020\/11\/site-unicef-oferece-cursos-gratuitos-para-profissionais-que-atuam-com-criancas-e-adolescentes-unicef-e1605784372334.jpg\" alt=\"\" width=\"787\" height=\"576\" srcset=\"http:\/\/mspontocom.com.br\/site\/wp-content\/uploads\/2020\/11\/site-unicef-oferece-cursos-gratuitos-para-profissionais-que-atuam-com-criancas-e-adolescentes-unicef-e1605784372334.jpg 787w, http:\/\/mspontocom.com.br\/site\/wp-content\/uploads\/2020\/11\/site-unicef-oferece-cursos-gratuitos-para-profissionais-que-atuam-com-criancas-e-adolescentes-unicef-e1605784372334-260x190.jpg 260w, http:\/\/mspontocom.com.br\/site\/wp-content\/uploads\/2020\/11\/site-unicef-oferece-cursos-gratuitos-para-profissionais-que-atuam-com-criancas-e-adolescentes-unicef-e1605784372334-768x562.jpg 768w\" sizes=\"(max-width: 787px) 100vw, 787px\" \/><\/p>\n<p style=\"text-align: justify;\">Unicef lan\u00e7ou tr\u00eas cursos gratuitos voltados a profissionais que atuam com crian\u00e7as e adolescentes.<\/p>\n<p style=\"text-align: justify;\">Cada curso tem quatro horas de dura\u00e7\u00e3o e ocorre pela internet.<\/p>\n<p style=\"text-align: justify;\">As aulas ser\u00e3o dos seguintes temas: fortalecimento psicossocial da comunidade escolar, comunidade escolar na resposta \u00e0s viol\u00eancias e sistema de garantia dos direitos no enfrentamento \u00e0 exclus\u00e3o escolar.<\/p>\n<p style=\"text-align: justify;\">As vagas s\u00e3o limitadas.<\/p>\n<p style=\"text-align: justify;\">\u00a0Podem participar dos cursos, profissionais da \u00e1rea de educa\u00e7\u00e3o, gestores p\u00fablicos, agentes socioassistenciais, entre outros.<\/p>\n<p style=\"text-align: justify;\">Para mais informa\u00e7\u00f5es e para se inscrever nas aulas, acesse: <a href=\"https:\/\/www.unicef.org\" target=\"_blank\" rel=\"noopener\">www.unicef.org<\/a><\/p>\n<p>Fonte: <a href=\"https:\/\/brasil61.com\/noticias\/unicef-oferece-cursos-gratuitos-para-profissionais-que-atuam-com-criancas-e-adolescentes-bras202661\" target=\"_blank\" rel=\"noopener\">Brasil 61<\/a><\/p>\n","protected":false},"excerpt":{"rendered":"<p>Unicef lan\u00e7ou tr\u00eas cursos gratuitos voltados a profissionais que atuam com crian\u00e7as e adolescentes. Cada curso tem quatro horas de dura\u00e7\u00e3o e ocorre pela internet. As aulas ser\u00e3o dos seguintes temas: fortalecimento psicossocial da comunidade escolar, comunidade escolar na resposta \u00e0s viol\u00eancias e sistema de garantia dos direitos no enfrentamento \u00e0 exclus\u00e3o escolar. As vagas [&hellip;]<\/p>\n","protected":false},"author":2,"featured_media":153853,"comment_status":"open","ping_status":"open","sticky":false,"template":"","format":"standard","meta":{"_monsterinsights_skip_tracking":false,"_monsterinsights_sitenote_active":false,"_monsterinsights_sitenote_note":"","_monsterinsights_sitenote_category":0},"categories":[76],"tags":[7278,3116,2162,104,12150],"aioseo_notices":[],"_links":{"self":[{"href":"http:\/\/mspontocom.com.br\/site\/wp-json\/wp\/v2\/posts\/153852"}],"collection":[{"href":"http:\/\/mspontocom.com.br\/site\/wp-json\/wp\/v2\/posts"}],"about":[{"href":"http:\/\/mspontocom.com.br\/site\/wp-json\/wp\/v2\/types\/post"}],"author":[{"embeddable":true,"href":"http:\/\/mspontocom.com.br\/site\/wp-json\/wp\/v2\/users\/2"}],"replies":[{"embeddable":true,"href":"http:\/\/mspontocom.com.br\/site\/wp-json\/wp\/v2\/comments?post=153852"}],"version-history":[{"count":1,"href":"http:\/\/mspontocom.com.br\/site\/wp-json\/wp\/v2\/posts\/153852\/revisions"}],"predecessor-version":[{"id":153854,"href":"http:\/\/mspontocom.com.br\/site\/wp-json\/wp\/v2\/posts\/153852\/revisions\/153854"}],"wp:featuredmedia":[{"embeddable":true,"href":"http:\/\/mspontocom.com.br\/site\/wp-json\/wp\/v2\/media\/153853"}],"wp:attachment":[{"href":"http:\/\/mspontocom.com.br\/site\/wp-json\/wp\/v2\/media?parent=153852"}],"wp:term":[{"taxonomy":"category","embeddable":true,"href":"http:\/\/mspontocom.com.br\/site\/wp-json\/wp\/v2\/categories?post=153852"},{"taxonomy":"post_tag","embeddable":true,"href":"http:\/\/mspontocom.com.br\/site\/wp-json\/wp\/v2\/tags?post=153852"}],"curies":[{"name":"wp","href":"https:\/\/api.w.org\/{rel}","templated":true}]}}