{"id":153876,"date":"2020-11-19T14:48:30","date_gmt":"2020-11-19T18:48:30","guid":{"rendered":"https:\/\/mspontocom.com.br\/site\/?p=153876"},"modified":"2020-11-19T14:48:30","modified_gmt":"2020-11-19T18:48:30","slug":"mundo-senai-2020-comeca-nesta-sexta-feira-com-etapa-voltada-aos-docentes","status":"publish","type":"post","link":"http:\/\/mspontocom.com.br\/site\/mundo-senai-2020-comeca-nesta-sexta-feira-com-etapa-voltada-aos-docentes\/","title":{"rendered":"Mundo Senai 2020 come\u00e7a nesta sexta-feira com etapa voltada aos docentes"},"content":{"rendered":"<p style=\"font-weight: 400; text-align: justify;\"><img loading=\"lazy\" class=\"alignnone size-full wp-image-153877\" src=\"https:\/\/mspontocom.com.br\/site\/wp-content\/uploads\/2020\/11\/site-mundo-senai-2020-comeca-nesta-sexta-feira-com-etapa-voltada-aos-docentes-foto-mundo-senai-etapa-1-e1605811672145.jpg\" alt=\"\" width=\"1038\" height=\"594\" srcset=\"http:\/\/mspontocom.com.br\/site\/wp-content\/uploads\/2020\/11\/site-mundo-senai-2020-comeca-nesta-sexta-feira-com-etapa-voltada-aos-docentes-foto-mundo-senai-etapa-1-e1605811672145.jpg 1038w, http:\/\/mspontocom.com.br\/site\/wp-content\/uploads\/2020\/11\/site-mundo-senai-2020-comeca-nesta-sexta-feira-com-etapa-voltada-aos-docentes-foto-mundo-senai-etapa-1-e1605811672145-260x149.jpg 260w, http:\/\/mspontocom.com.br\/site\/wp-content\/uploads\/2020\/11\/site-mundo-senai-2020-comeca-nesta-sexta-feira-com-etapa-voltada-aos-docentes-foto-mundo-senai-etapa-1-e1605811672145-768x439.jpg 768w, http:\/\/mspontocom.com.br\/site\/wp-content\/uploads\/2020\/11\/site-mundo-senai-2020-comeca-nesta-sexta-feira-com-etapa-voltada-aos-docentes-foto-mundo-senai-etapa-1-e1605811672145-1024x586.jpg 1024w\" sizes=\"(max-width: 1038px) 100vw, 1038px\" \/>Come\u00e7a nesta sexta-feira (20\/11), a partir das 10 horas, a 1\u00aa etapa do novo formato do Mundo Senai, que oferece a oportunidade para a popula\u00e7\u00e3o conhecer de perto a estrutura, corpo docente e o trabalho desenvolvido pela institui\u00e7\u00e3o.<\/p>\n<p style=\"font-weight: 400; text-align: justify;\">Neste ano, devido \u00e0 pandemia do novo coronav\u00edrus (Covid-19), o evento teve de ser reformulado e ser\u00e1 100% online, sendo que nesta etapa a programa\u00e7\u00e3o \u00e9 direcionada aos docentes, coordenadores e diretores das escolas p\u00fablicas e privadas do Estado.<\/p>\n<p style=\"font-weight: 400; text-align: justify;\">Com o tema \u201cStart! Turbinando seu PC\u201d, a primeira live vai mostrar formas pr\u00e1ticas de tornar o seu computador mais eficiente, principalmente com o aumento de atividades de trabalho, com o uso de computadores pessoais e pequenas melhorias, para tornar a m\u00e1quina mais veloz.<\/p>\n<p style=\"font-weight: 400; text-align: justify;\">J\u00e1 a segunda live ter\u00e1 como tema \u201cOBS Studio\u201d, um programa de grava\u00e7\u00e3o gratuito, que pode ser usado para tornar as aulas online ainda mais criativas e interessantes.<\/p>\n<p style=\"font-weight: 400; text-align: justify;\">\n<p style=\"font-weight: 400; text-align: justify;\"><strong>2\u00aa etapa<\/strong><\/p>\n<p style=\"font-weight: 400; text-align: justify;\">\n<p style=\"font-weight: 400; text-align: justify;\">A 2\u00aa etapa do Mundo Senai em Mato Grosso do Sul vai ser realizada no pr\u00f3ximo dia 27 de novembro e ser\u00e1 toda dentro de um hotsite especialmente preparado para o evento em que os participantes v\u00e3o ter acesso a oficinas e jogos. Al\u00e9m de outras atra\u00e7\u00f5es, como aulas de prepara\u00e7\u00e3o para o Enem, com shows de Qu\u00edmica, F\u00edsica e Biologia, que v\u00e3o resolver quest\u00f5es de provas anteriores de uma forma diferente.<\/p>\n<p style=\"font-weight: 400; text-align: justify;\">\n<p style=\"font-weight: 400; text-align: justify;\">Os alunos v\u00e3o acompanhar, ao vivo, experimentos nos laborat\u00f3rios do Senai, que v\u00e3o ajudar a resolver na pr\u00e1tica quest\u00f5es te\u00f3ricas. Al\u00e9m disso, v\u00e3o ser ofertadas 14 oficinas desenvolvidas para alunos do Ensino M\u00e9dio, industri\u00e1rios, empres\u00e1rios e comunidade e geral. O Mundo Senai vai contar tamb\u00e9m com uma \u201cTarde Geek\u201d, para os f\u00e3s de tecnologias, jogos eletr\u00f4nicos e de tabuleiros, quadrinhos, mang\u00e1s, livros, filmes e s\u00e9ries.<\/p>\n<p style=\"font-weight: 400; text-align: justify;\">\n<p style=\"font-weight: 400; text-align: justify;\">Com \u201cShow de Ardu\u00ednos\u201d que vai ensinar sobre programa\u00e7\u00e3o de rob\u00f4s e programa\u00e7\u00e3o de quatro jogos: Among Us, Free Fire, Mine Craft e League of Legends. E a apresenta\u00e7\u00e3o de quatro novos cursos t\u00e9cnicos, lan\u00e7ados pelo Senai, voltados para programa\u00e7\u00e3o de jogos digitais, desenvolvimento de sistemas, energias renov\u00e1veis e ciberstemas. Uma oportunidade para quem quer investir em conhecimento e fazer a diferen\u00e7a no mercado.<\/p>\n<p style=\"font-weight: 400; text-align: justify;\">\n<p style=\"font-weight: 400; text-align: justify;\"><strong>Confira abaixo os links para as lives desta sexta-feira:<\/strong><\/p>\n<p style=\"font-weight: 400; text-align: justify;\">\n<p style=\"font-weight: 400; text-align: justify;\">Hor\u00e1rio \u2013 10 horas<\/p>\n<p style=\"font-weight: 400; text-align: justify;\">Tema &#8211; \u201cStart! Turbinando seu PC\u201d<\/p>\n<p style=\"font-weight: 400; text-align: justify;\">Link \u2013\u00a0<strong><a href=\"https:\/\/www.youtube.com\/watch?v=oDPNnAciniw&amp;feature=youtu.be\" data-saferedirecturl=\"https:\/\/www.google.com\/url?q=https:\/\/www.youtube.com\/watch?v%3DoDPNnAciniw%26feature%3Dyoutu.be&amp;source=gmail&amp;ust=1605894867781000&amp;usg=AFQjCNGmX3m4MDy6owhD2dbo0yMTLSaedQ\">https:\/\/www.youtube.com\/watch?v=oDPNnAciniw&amp;feature=youtu.be<\/a><\/strong><\/p>\n<p style=\"font-weight: 400; text-align: justify;\">\n<p style=\"font-weight: 400; text-align: justify;\">Hor\u00e1rio \u2013 14 horas<\/p>\n<p style=\"font-weight: 400; text-align: justify;\">Tema &#8211; \u201cOBS Studio\u201d<\/p>\n<p style=\"font-weight: 400; text-align: justify;\">Link &#8211;\u00a0<strong><a href=\"https:\/\/www.youtube.com\/watch?v=Qy0aESTRfrg&amp;feature=youtu.be\" data-saferedirecturl=\"https:\/\/www.google.com\/url?q=https:\/\/www.youtube.com\/watch?v%3DQy0aESTRfrg%26feature%3Dyoutu.be&amp;source=gmail&amp;ust=1605894867781000&amp;usg=AFQjCNHllloreLOBBaaTHbG-bFYAIO5CJQ\">https:\/\/www.youtube.com\/watch?v=Qy0aESTRfrg&amp;feature=youtu.be<\/a><\/strong><\/p>\n","protected":false},"excerpt":{"rendered":"<p>Come\u00e7a nesta sexta-feira (20\/11), a partir das 10 horas, a 1\u00aa etapa do novo formato do Mundo Senai, que oferece a oportunidade para a popula\u00e7\u00e3o conhecer de perto a estrutura, corpo docente e o trabalho desenvolvido pela institui\u00e7\u00e3o. Neste ano, devido \u00e0 pandemia do novo coronav\u00edrus (Covid-19), o evento teve de ser reformulado e ser\u00e1 [&hellip;]<\/p>\n","protected":false},"author":2,"featured_media":153877,"comment_status":"open","ping_status":"open","sticky":false,"template":"","format":"standard","meta":{"_monsterinsights_skip_tracking":false,"_monsterinsights_sitenote_active":false,"_monsterinsights_sitenote_note":"","_monsterinsights_sitenote_category":0},"categories":[76],"tags":[17343,15030],"aioseo_notices":[],"_links":{"self":[{"href":"http:\/\/mspontocom.com.br\/site\/wp-json\/wp\/v2\/posts\/153876"}],"collection":[{"href":"http:\/\/mspontocom.com.br\/site\/wp-json\/wp\/v2\/posts"}],"about":[{"href":"http:\/\/mspontocom.com.br\/site\/wp-json\/wp\/v2\/types\/post"}],"author":[{"embeddable":true,"href":"http:\/\/mspontocom.com.br\/site\/wp-json\/wp\/v2\/users\/2"}],"replies":[{"embeddable":true,"href":"http:\/\/mspontocom.com.br\/site\/wp-json\/wp\/v2\/comments?post=153876"}],"version-history":[{"count":1,"href":"http:\/\/mspontocom.com.br\/site\/wp-json\/wp\/v2\/posts\/153876\/revisions"}],"predecessor-version":[{"id":153878,"href":"http:\/\/mspontocom.com.br\/site\/wp-json\/wp\/v2\/posts\/153876\/revisions\/153878"}],"wp:featuredmedia":[{"embeddable":true,"href":"http:\/\/mspontocom.com.br\/site\/wp-json\/wp\/v2\/media\/153877"}],"wp:attachment":[{"href":"http:\/\/mspontocom.com.br\/site\/wp-json\/wp\/v2\/media?parent=153876"}],"wp:term":[{"taxonomy":"category","embeddable":true,"href":"http:\/\/mspontocom.com.br\/site\/wp-json\/wp\/v2\/categories?post=153876"},{"taxonomy":"post_tag","embeddable":true,"href":"http:\/\/mspontocom.com.br\/site\/wp-json\/wp\/v2\/tags?post=153876"}],"curies":[{"name":"wp","href":"https:\/\/api.w.org\/{rel}","templated":true}]}}