{"id":154075,"date":"2020-11-25T14:55:45","date_gmt":"2020-11-25T18:55:45","guid":{"rendered":"https:\/\/mspontocom.com.br\/site\/?p=154075"},"modified":"2020-11-25T14:09:59","modified_gmt":"2020-11-25T18:09:59","slug":"ifms-inicia-divulgacoes-no-perfil-oficial-do-instagram","status":"publish","type":"post","link":"http:\/\/mspontocom.com.br\/site\/ifms-inicia-divulgacoes-no-perfil-oficial-do-instagram\/","title":{"rendered":"IFMS inicia divulga\u00e7\u00f5es no perfil oficial do Instagram"},"content":{"rendered":"<p style=\"text-align: justify;\"><img loading=\"lazy\" class=\"alignnone size-full wp-image-154076\" src=\"https:\/\/mspontocom.com.br\/site\/wp-content\/uploads\/2020\/11\/site-ifms-inicia-divulgacoes-no-perfil-oficial-do-instagram-ifms.png\" alt=\"\" width=\"800\" height=\"480\" srcset=\"http:\/\/mspontocom.com.br\/site\/wp-content\/uploads\/2020\/11\/site-ifms-inicia-divulgacoes-no-perfil-oficial-do-instagram-ifms.png 800w, http:\/\/mspontocom.com.br\/site\/wp-content\/uploads\/2020\/11\/site-ifms-inicia-divulgacoes-no-perfil-oficial-do-instagram-ifms-260x156.png 260w, http:\/\/mspontocom.com.br\/site\/wp-content\/uploads\/2020\/11\/site-ifms-inicia-divulgacoes-no-perfil-oficial-do-instagram-ifms-768x461.png 768w\" sizes=\"(max-width: 800px) 100vw, 800px\" \/>O Instituto Federal de Mato Grosso do Sul (IFMS) lan\u00e7a nesta quarta-feira, 25, um novo canal oficial de comunica\u00e7\u00e3o com a sociedade. Trata-se do perfil institucional no Instagram, onde ser\u00e3o divulgadas a\u00e7\u00f5es de ensino, pesquisa, extens\u00e3o e gest\u00e3o.<\/p>\n<p style=\"text-align: justify;\">Os seguidores do\u00a0<a title=\"@ifms.oficial\" href=\"https:\/\/www.ifms.edu.br:9000\/lists\/lt.php?tid=KxlRUVFdAQcHU0tUA1lQTlBTBFROWAgOARtdBQAKVQNTVVQBXAofVVtRUlFVBFxOAlMEBk4NDgwBG1pRBVBPBlFWUAIGAVsHVwAAHwBWVQdcUQtQTlsBCFIbDFIAVk9TAgBTH1IAAgUBVlFXAlgBVQ\" target=\"_blank\" rel=\"noopener\" data-saferedirecturl=\"https:\/\/www.google.com\/url?q=https:\/\/www.ifms.edu.br:9000\/lists\/lt.php?tid%3DKxlRUVFdAQcHU0tUA1lQTlBTBFROWAgOARtdBQAKVQNTVVQBXAofVVtRUlFVBFxOAlMEBk4NDgwBG1pRBVBPBlFWUAIGAVsHVwAAHwBWVQdcUQtQTlsBCFIbDFIAVk9TAgBTH1IAAgUBVlFXAlgBVQ&amp;source=gmail&amp;ust=1606411022046000&amp;usg=AFQjCNFqxWB_qUPkZeCzxnxcRI5o4bdBcg\">@ifms.oficial<\/a>\u00a0ter\u00e3o acesso a imagens e v\u00eddeos com informa\u00e7\u00f5es sobre oferta de vagas em cursos, projetos de pesquisa, eventos de extens\u00e3o, participa\u00e7\u00e3o de estudantes em feiras cient\u00edficas, entre outros assuntos. As divulga\u00e7\u00f5es tamb\u00e9m ser\u00e3o feitas por meio da publica\u00e7\u00e3o de\u00a0<em>stories<\/em>.<\/p>\n<p style=\"text-align: justify;\">A interatividade ser\u00e1 poss\u00edvel tanto no\u00a0<em>feed<\/em>\u00a0do aplicativo quanto por meio do\u00a0<em>direct<\/em>, onde os usu\u00e1rios poder\u00e3o tirar d\u00favidas ou obter mais informa\u00e7\u00f5es sobre os assuntos de forma privada.<\/p>\n<p style=\"text-align: justify;\"><strong>Outros canais<\/strong>\u00a0&#8211; O\u00a0IFMS possui outros canais oficiais de comunica\u00e7\u00e3o com a sociedade.<\/p>\n<p style=\"text-align: justify;\">No site\u00a0institucional, que entre janeiro e outubro deste ano registrou m\u00e9dia de 53 mil visitantes por m\u00eas, s\u00e3o divulgadas informa\u00e7\u00f5es sobre a\u00e7\u00f5es e servi\u00e7os do IFMS por meio da publica\u00e7\u00e3o de not\u00edcias. O usu\u00e1rio tamb\u00e9m encontra conte\u00fado relativo \u00e0 Lei de Acesso \u00e0 Informa\u00e7\u00e3o, al\u00e9m de documentos, v\u00eddeos e \u00e1udios institucionais.<\/p>\n<p style=\"text-align: justify;\">No\u00a0<a title=\"perfil oficial do IFMS no Facebook\" href=\"https:\/\/www.ifms.edu.br:9000\/lists\/lt.php?tid=KxlTAwFeUwBaWEtTVFRUTlBUAABOAQsJAhsOBwIDBARWV1RRUA8fVVtRUlFVBFxOAlMEBk4NDgwBG1pRBVBPBlFWUAIGAVsHVwAAHwBWVQdcUQtQTlsBCFIbDFIAVk9TAgBTH1IAAgUBVlFXAlgBVQ\" target=\"_blank\" rel=\"noopener\" data-saferedirecturl=\"https:\/\/www.google.com\/url?q=https:\/\/www.ifms.edu.br:9000\/lists\/lt.php?tid%3DKxlTAwFeUwBaWEtTVFRUTlBUAABOAQsJAhsOBwIDBARWV1RRUA8fVVtRUlFVBFxOAlMEBk4NDgwBG1pRBVBPBlFWUAIGAVsHVwAAHwBWVQdcUQtQTlsBCFIbDFIAVk9TAgBTH1IAAgUBVlFXAlgBVQ&amp;source=gmail&amp;ust=1606411022046000&amp;usg=AFQjCNH2GkEiJQNnqQIFPaQRb1C7q9BEAQ\">perfil oficial do IFMS no Facebook<\/a>, \u00e9 poss\u00edvel curtir e compartilhar as postagens e ainda\u00a0manter contato direto com o Instituto. Nos dez primeiros meses deste ano, mais de 10 mil publica\u00e7\u00f5es foram compartilhadas.<\/p>\n<p style=\"text-align: justify;\">Al\u00e9m de reunir todo o conte\u00fado em v\u00eddeo produzido pela Assessoria de Comunica\u00e7\u00e3o Social, o\u00a0<a title=\"Canal do IFMS no Youtube\" href=\"https:\/\/www.ifms.edu.br:9000\/lists\/lt.php?tid=KxlQCwQAWlYGVksFVVEETlAGAVZOWw8MAxsIVwJXUVQABFAEUFofVVtRUlFVBFxOAlMEBk4NDgwBG1pRBVBPBlFWUAIGAVsHVwAAHwBWVQdcUQtQTlsBCFIbDFIAVk9TAgBTH1IAAgUBVlFXAlgBVQ\" target=\"_blank\" rel=\"noopener\" data-saferedirecturl=\"https:\/\/www.google.com\/url?q=https:\/\/www.ifms.edu.br:9000\/lists\/lt.php?tid%3DKxlQCwQAWlYGVksFVVEETlAGAVZOWw8MAxsIVwJXUVQABFAEUFofVVtRUlFVBFxOAlMEBk4NDgwBG1pRBVBPBlFWUAIGAVsHVwAAHwBWVQdcUQtQTlsBCFIbDFIAVk9TAgBTH1IAAgUBVlFXAlgBVQ&amp;source=gmail&amp;ust=1606411022046000&amp;usg=AFQjCNFGQL2U509UFhIc9hJ8y8WAthOg8w\">Canal do IFMS no Youtube<\/a>\u00a0tamb\u00e9m \u00e9 utilizado para a realiza\u00e7\u00e3o de transmiss\u00f5es ao vivo. Este ano, em virtude da pandemia, os eventos institucionais foram transmitidos pela m\u00eddia social.<\/p>\n<p style=\"text-align: justify;\">A\u00a0<a href=\"https:\/\/www.ifms.edu.br:9000\/lists\/lt.php?tid=KxkEBFJeUFQGU0taVlZWTlAHBgdOWA0LBBsPAlNVBldbVFNUUA4fVVtRUlFVBFxOAlMEBk4NDgwBG1pRBVBPBlFWUAIGAVsHVwAAHwBWVQdcUQtQTlsBCFIbDFIAVk9TAgBTH1IAAgUBVlFXAlgBVQ\" target=\"_blank\" rel=\"noopener\" data-saferedirecturl=\"https:\/\/www.google.com\/url?q=https:\/\/www.ifms.edu.br:9000\/lists\/lt.php?tid%3DKxkEBFJeUFQGU0taVlZWTlAHBgdOWA0LBBsPAlNVBldbVFNUUA4fVVtRUlFVBFxOAlMEBk4NDgwBG1pRBVBPBlFWUAIGAVsHVwAAHwBWVQdcUQtQTlsBCFIbDFIAVk9TAgBTH1IAAgUBVlFXAlgBVQ&amp;source=gmail&amp;ust=1606411022046000&amp;usg=AFQjCNGQyu0Qn4dsw4KlIqamxdBwdx_feg\">Agenda IFMS<\/a>\u00a0divulga, semanalmente, as principais a\u00e7\u00f5es realizadas nos\u00a0campi e na reitoria. A vers\u00e3o\u00a0<em>online<\/em>\u00a0do informativo \u00e9 enviada por e-mail a servidores e estudantes, e tamb\u00e9m fica publicada no site institucional. O formato impresso, que \u00e9 afixado em murais, ser\u00e1 retomado quando for definido o retorno das atividades presenciais.<\/p>\n<p style=\"text-align: justify;\">O\u00a0<a title=\"Giro da Semana - Boletim Eletr\u00f4nico do IFMS\" href=\"https:\/\/www.ifms.edu.br:9000\/lists\/lt.php?tid=KxkAAgEPAFICUUtbDlNQTlBXVFFOWw4KUhsOUwIGWwICB1EDUggfVVtRUlFVBFxOAlMEBk4NDgwBG1pRBVBPBlFWUAIGAVsHVwAAHwBWVQdcUQtQTlsBCFIbDFIAVk9TAgBTH1IAAgUBVlFXAlgBVQ\" target=\"_blank\" rel=\"noopener\" data-saferedirecturl=\"https:\/\/www.google.com\/url?q=https:\/\/www.ifms.edu.br:9000\/lists\/lt.php?tid%3DKxkAAgEPAFICUUtbDlNQTlBXVFFOWw4KUhsOUwIGWwICB1EDUggfVVtRUlFVBFxOAlMEBk4NDgwBG1pRBVBPBlFWUAIGAVsHVwAAHwBWVQdcUQtQTlsBCFIbDFIAVk9TAgBTH1IAAgUBVlFXAlgBVQ&amp;source=gmail&amp;ust=1606411022046000&amp;usg=AFQjCNESo_kI20W3zpyC69GMSVPrgP3A7A\">Giro da Semana &#8211; Boletim Eletr\u00f4nico do IFMS<\/a>\u00a0\u00e9 uma\u00a0<em>newsletter<\/em>\u00a0em que o usu\u00e1rio cadastrado recebe, semanalmente, informa\u00e7\u00f5es sobre a institui\u00e7\u00e3o. Atualmente, o informativo \u00e9 enviado a mais de 5 mil e-mails.<\/p>\n<p style=\"text-align: justify;\">No\u00a0<a title=\"ZIFZap\" href=\"https:\/\/www.ifms.edu.br:9000\/lists\/lt.php?tid=KxlXA1JdAVNQWEtUBVhUTlABBVROAVkBAxsOBAcEWldTVFdTAF0fVVtRUlFVBFxOAlMEBk4NDgwBG1pRBVBPBlFWUAIGAVsHVwAAHwBWVQdcUQtQTlsBCFIbDFIAVk9TAgBTH1IAAgUBVlFXAlgBVQ\" target=\"_blank\" rel=\"noopener\" data-saferedirecturl=\"https:\/\/www.google.com\/url?q=https:\/\/www.ifms.edu.br:9000\/lists\/lt.php?tid%3DKxlXA1JdAVNQWEtUBVhUTlABBVROAVkBAxsOBAcEWldTVFdTAF0fVVtRUlFVBFxOAlMEBk4NDgwBG1pRBVBPBlFWUAIGAVsHVwAAHwBWVQdcUQtQTlsBCFIbDFIAVk9TAgBTH1IAAgUBVlFXAlgBVQ&amp;source=gmail&amp;ust=1606411022046000&amp;usg=AFQjCNEE5Ko4MLkpTSeQS1mFjxSSPQxEmQ\">ZIFZap<\/a>, o cidad\u00e3o recebe informa\u00e7\u00f5es oficiais sobre o IFMS por meio de uma conta institucional do WhatsApp.\u00a0A pessoa que utiliza o aplicativo\u00a0se cadastra e passa a receber links de\u00a0reportagens publicadas no site da institui\u00e7\u00e3o. Mais de 2 mil usu\u00e1rios est\u00e3o cadastrados.<\/p>\n<p style=\"text-align: justify;\">O\u00a0<a title=\"canal de podcasts do IFMS\" href=\"https:\/\/www.ifms.edu.br:9000\/lists\/lt.php?tid=KxkCBgcLBgZUUUtWBQAATlAAV1FOAF1aUxsNX1QGBFBaAAVWUgofVVtRUlFVBFxOAlMEBk4NDgwBG1pRBVBPBlFWUAIGAVsHVwAAHwBWVQdcUQtQTlsBCFIbDFIAVk9TAgBTH1IAAgUBVlFXAlgBVQ\" target=\"_blank\" rel=\"noopener\" data-saferedirecturl=\"https:\/\/www.google.com\/url?q=https:\/\/www.ifms.edu.br:9000\/lists\/lt.php?tid%3DKxkCBgcLBgZUUUtWBQAATlAAV1FOAF1aUxsNX1QGBFBaAAVWUgofVVtRUlFVBFxOAlMEBk4NDgwBG1pRBVBPBlFWUAIGAVsHVwAAHwBWVQdcUQtQTlsBCFIbDFIAVk9TAgBTH1IAAgUBVlFXAlgBVQ&amp;source=gmail&amp;ust=1606411022046000&amp;usg=AFQjCNGsfUEDfFeUR6cHKANR8x-L6f3zgA\">canal de podcasts do IFMS<\/a>\u00a0re\u00fane conte\u00fado em \u00e1udio sobre temas variados, alguns relacionados \u00e0 pandemia, como isolamento e trabalho remoto, dicas de alimenta\u00e7\u00e3o, e organiza\u00e7\u00e3o e relacionamento com a equipe no\u00a0<em>home office<\/em>.<\/p>\n<p style=\"text-align: justify;\">A\u00a0<a title=\"P\u00e1gina do Servidor\" href=\"https:\/\/www.ifms.edu.br:9000\/lists\/lt.php?tid=KxkHVwdaVgMFWUsGAFFQTlBTClROWwwPVBsJX1AFVAgHAFQDBFofVVtRUlFVBFxOAlMEBk4NDgwBG1pRBVBPBlFWUAIGAVsHVwAAHwBWVQdcUQtQTlsBCFIbDFIAVk9TAgBTH1IAAgUBVlFXAlgBVQ\" target=\"_blank\" rel=\"noopener\" data-saferedirecturl=\"https:\/\/www.google.com\/url?q=https:\/\/www.ifms.edu.br:9000\/lists\/lt.php?tid%3DKxkHVwdaVgMFWUsGAFFQTlBTClROWwwPVBsJX1AFVAgHAFQDBFofVVtRUlFVBFxOAlMEBk4NDgwBG1pRBVBPBlFWUAIGAVsHVwAAHwBWVQdcUQtQTlsBCFIbDFIAVk9TAgBTH1IAAgUBVlFXAlgBVQ&amp;source=gmail&amp;ust=1606411022046000&amp;usg=AFQjCNGXsu-BACdDz6y02WS67dhUBjHM1w\">P\u00e1gina do Servidor<\/a>\u00a0disponibiliza informa\u00e7\u00f5es de\u00a0interesse exclusivo dos docentes e t\u00e9cnicos-administrativos do IFMS. O conte\u00fado trata de\u00a0temas como capacita\u00e7\u00f5es, editais voltados a servidores, gest\u00e3o de\u00a0pessoas, entre outros.<\/p>\n<p style=\"text-align: justify;\">Outra ferramenta voltada ao p\u00fablico interno \u00e9 o &#8216;Entre N\u00f3s&#8217;, boletim\u00a0<em>online<\/em>\u00a0enviado quinzenalmente aos servidores e que re\u00fane conte\u00fado da P\u00e1gina do Servidor, do site institucional e de\u00a0fontes externas.<\/p>\n","protected":false},"excerpt":{"rendered":"<p>O Instituto Federal de Mato Grosso do Sul (IFMS) lan\u00e7a nesta quarta-feira, 25, um novo canal oficial de comunica\u00e7\u00e3o com a sociedade. Trata-se do perfil institucional no Instagram, onde ser\u00e3o divulgadas a\u00e7\u00f5es de ensino, pesquisa, extens\u00e3o e gest\u00e3o. Os seguidores do\u00a0@ifms.oficial\u00a0ter\u00e3o acesso a imagens e v\u00eddeos com informa\u00e7\u00f5es sobre oferta de vagas em cursos, projetos [&hellip;]<\/p>\n","protected":false},"author":2,"featured_media":154076,"comment_status":"open","ping_status":"open","sticky":false,"template":"","format":"standard","meta":{"_monsterinsights_skip_tracking":false,"_monsterinsights_sitenote_active":false,"_monsterinsights_sitenote_note":"","_monsterinsights_sitenote_category":0},"categories":[76],"tags":[36318,972,4520],"aioseo_notices":[],"_links":{"self":[{"href":"http:\/\/mspontocom.com.br\/site\/wp-json\/wp\/v2\/posts\/154075"}],"collection":[{"href":"http:\/\/mspontocom.com.br\/site\/wp-json\/wp\/v2\/posts"}],"about":[{"href":"http:\/\/mspontocom.com.br\/site\/wp-json\/wp\/v2\/types\/post"}],"author":[{"embeddable":true,"href":"http:\/\/mspontocom.com.br\/site\/wp-json\/wp\/v2\/users\/2"}],"replies":[{"embeddable":true,"href":"http:\/\/mspontocom.com.br\/site\/wp-json\/wp\/v2\/comments?post=154075"}],"version-history":[{"count":1,"href":"http:\/\/mspontocom.com.br\/site\/wp-json\/wp\/v2\/posts\/154075\/revisions"}],"predecessor-version":[{"id":154077,"href":"http:\/\/mspontocom.com.br\/site\/wp-json\/wp\/v2\/posts\/154075\/revisions\/154077"}],"wp:featuredmedia":[{"embeddable":true,"href":"http:\/\/mspontocom.com.br\/site\/wp-json\/wp\/v2\/media\/154076"}],"wp:attachment":[{"href":"http:\/\/mspontocom.com.br\/site\/wp-json\/wp\/v2\/media?parent=154075"}],"wp:term":[{"taxonomy":"category","embeddable":true,"href":"http:\/\/mspontocom.com.br\/site\/wp-json\/wp\/v2\/categories?post=154075"},{"taxonomy":"post_tag","embeddable":true,"href":"http:\/\/mspontocom.com.br\/site\/wp-json\/wp\/v2\/tags?post=154075"}],"curies":[{"name":"wp","href":"https:\/\/api.w.org\/{rel}","templated":true}]}}