{"id":154119,"date":"2020-11-27T12:58:36","date_gmt":"2020-11-27T16:58:36","guid":{"rendered":"https:\/\/mspontocom.com.br\/site\/?p=154119"},"modified":"2020-11-27T09:10:26","modified_gmt":"2020-11-27T13:10:26","slug":"governo-oferece-curso-gratuito-sobre-atencao-a-primeira-infancia","status":"publish","type":"post","link":"http:\/\/mspontocom.com.br\/site\/governo-oferece-curso-gratuito-sobre-atencao-a-primeira-infancia\/","title":{"rendered":"Governo oferece curso gratuito sobre aten\u00e7\u00e3o \u00e0 primeira inf\u00e2ncia"},"content":{"rendered":"<p style=\"text-align: justify;\"><img loading=\"lazy\" class=\"alignnone size-full wp-image-154138\" src=\"https:\/\/mspontocom.com.br\/site\/wp-content\/uploads\/2020\/11\/site-governo-oferece-curso-gratuito-sobre-atencao-a-primeira-infancia-crianca.jpg\" alt=\"\" width=\"420\" height=\"420\" srcset=\"http:\/\/mspontocom.com.br\/site\/wp-content\/uploads\/2020\/11\/site-governo-oferece-curso-gratuito-sobre-atencao-a-primeira-infancia-crianca.jpg 420w, http:\/\/mspontocom.com.br\/site\/wp-content\/uploads\/2020\/11\/site-governo-oferece-curso-gratuito-sobre-atencao-a-primeira-infancia-crianca-150x150.jpg 150w, http:\/\/mspontocom.com.br\/site\/wp-content\/uploads\/2020\/11\/site-governo-oferece-curso-gratuito-sobre-atencao-a-primeira-infancia-crianca-260x260.jpg 260w\" sizes=\"(max-width: 420px) 100vw, 420px\" \/><\/p>\n<p style=\"text-align: justify;\">O governo federal, por meio do Minist\u00e9rio da Cidadania, disponibilizou o curso \u201cPrograma Crian\u00e7a Feliz \u2013 Conhecendo a Fam\u00edlia e a Comunidade\u201d nas plataformas do <a href=\"https:\/\/www.mds.gov.br\/ead\/\" target=\"_blank\" rel=\"noopener\">Portal da Cidadania<\/a>.<\/p>\n<p style=\"text-align: justify;\">Em parceria com a Universidade de Bras\u00edlia (UnB), o objetivo do curso \u00e9 ampliar os conhecimentos e promover uma atua\u00e7\u00e3o mais qualificada dos profissionais que trabalham nessa a\u00e7\u00e3o.<\/p>\n<p style=\"text-align: justify;\">O curso ter\u00e1 carga hor\u00e1ria de 20 horas e vai abordar temas como territ\u00f3rio, comunidade, redes de servi\u00e7os e diversidade das fam\u00edlias brasileiras.<\/p>\n<p style=\"text-align: justify;\">As aulas ser\u00e3o oferecidas na<strong> modalidade de educa\u00e7\u00e3o a dist\u00e2ncia<\/strong> e os participantes receber\u00e3o certificado ap\u00f3s a conclus\u00e3o.<\/p>\n<p style=\"text-align: justify;\">O curso \u00e9 direcionado para profissionais atuantes no Programa Crian\u00e7a Feliz e demais profissionais da \u00e1rea socioassistencial,<strong> mas qualquer pessoa interessada no assunto pode se inscrever tamb\u00e9m.<\/strong><\/p>\n<p style=\"text-align: justify;\">As inscri\u00e7\u00f5es podem ser realizadas at\u00e9 o dia 20 de dezembro, devendo o curso ser finalizado at\u00e9 o dia 31 de dezembro deste ano.<\/p>\n<p style=\"text-align: justify;\">A plataforma tamb\u00e9m oferece outros cursos.<\/p>\n<p style=\"text-align: justify;\">O <a href=\"https:\/\/www.gov.br\/cidadania\/pt-br\/noticias-e-conteudos\/desenvolvimento-social\/noticias-desenvolvimento-social\/ministerio-da-cidadania-oferece-curso-gratuito-sobre-atencao-a-primeira-infancia\" target=\"_blank\" rel=\"noopener\">passo a passo<\/a> para se inscrever no curso est\u00e1 dispon\u00edvel no portal do Minist\u00e9rio da Cidadania, em www.gov.br\/cidadania, e mais informa\u00e7\u00f5es pelo e-mail suporte.ead@mds.gov.br.<\/p>\n<p style=\"text-align: justify;\">\n<p style=\"text-align: justify;\">Fonte: <a href=\"https:\/\/brasil61.com\/noticias\/governo-oferece-curso-gratuito-sobre-atencao-a-primeira-infancia-bras202769\" target=\"_blank\" rel=\"noopener\">Brasil 61<\/a><\/p>\n","protected":false},"excerpt":{"rendered":"<p>O governo federal, por meio do Minist\u00e9rio da Cidadania, disponibilizou o curso \u201cPrograma Crian\u00e7a Feliz \u2013 Conhecendo a Fam\u00edlia e a Comunidade\u201d nas plataformas do Portal da Cidadania. Em parceria com a Universidade de Bras\u00edlia (UnB), o objetivo do curso \u00e9 ampliar os conhecimentos e promover uma atua\u00e7\u00e3o mais qualificada dos profissionais que trabalham nessa [&hellip;]<\/p>\n","protected":false},"author":2,"featured_media":154138,"comment_status":"open","ping_status":"open","sticky":false,"template":"","format":"standard","meta":{"_monsterinsights_skip_tracking":false,"_monsterinsights_sitenote_active":false,"_monsterinsights_sitenote_note":"","_monsterinsights_sitenote_category":0},"categories":[76],"tags":[29101,2436,78,36335,36334,35048],"aioseo_notices":[],"_links":{"self":[{"href":"http:\/\/mspontocom.com.br\/site\/wp-json\/wp\/v2\/posts\/154119"}],"collection":[{"href":"http:\/\/mspontocom.com.br\/site\/wp-json\/wp\/v2\/posts"}],"about":[{"href":"http:\/\/mspontocom.com.br\/site\/wp-json\/wp\/v2\/types\/post"}],"author":[{"embeddable":true,"href":"http:\/\/mspontocom.com.br\/site\/wp-json\/wp\/v2\/users\/2"}],"replies":[{"embeddable":true,"href":"http:\/\/mspontocom.com.br\/site\/wp-json\/wp\/v2\/comments?post=154119"}],"version-history":[{"count":2,"href":"http:\/\/mspontocom.com.br\/site\/wp-json\/wp\/v2\/posts\/154119\/revisions"}],"predecessor-version":[{"id":154139,"href":"http:\/\/mspontocom.com.br\/site\/wp-json\/wp\/v2\/posts\/154119\/revisions\/154139"}],"wp:featuredmedia":[{"embeddable":true,"href":"http:\/\/mspontocom.com.br\/site\/wp-json\/wp\/v2\/media\/154138"}],"wp:attachment":[{"href":"http:\/\/mspontocom.com.br\/site\/wp-json\/wp\/v2\/media?parent=154119"}],"wp:term":[{"taxonomy":"category","embeddable":true,"href":"http:\/\/mspontocom.com.br\/site\/wp-json\/wp\/v2\/categories?post=154119"},{"taxonomy":"post_tag","embeddable":true,"href":"http:\/\/mspontocom.com.br\/site\/wp-json\/wp\/v2\/tags?post=154119"}],"curies":[{"name":"wp","href":"https:\/\/api.w.org\/{rel}","templated":true}]}}