{"id":154183,"date":"2020-11-29T08:16:09","date_gmt":"2020-11-29T12:16:09","guid":{"rendered":"https:\/\/mspontocom.com.br\/site\/?p=154183"},"modified":"2020-11-29T08:16:09","modified_gmt":"2020-11-29T12:16:09","slug":"brasil-tera-a-primeira-micro-sede-de-universidade-criada-pelo-papa-francisco","status":"publish","type":"post","link":"http:\/\/mspontocom.com.br\/site\/brasil-tera-a-primeira-micro-sede-de-universidade-criada-pelo-papa-francisco\/","title":{"rendered":"Brasil ter\u00e1 a primeira micro-sede de Universidade criada pelo Papa Francisco"},"content":{"rendered":"<p style=\"text-align: justify;\"><img loading=\"lazy\" class=\"alignnone size-full wp-image-154184\" src=\"https:\/\/mspontocom.com.br\/site\/wp-content\/uploads\/2020\/11\/site-unisale-e1606652068292.jpg\" alt=\"\" width=\"852\" height=\"609\" srcset=\"http:\/\/mspontocom.com.br\/site\/wp-content\/uploads\/2020\/11\/site-unisale-e1606652068292.jpg 852w, http:\/\/mspontocom.com.br\/site\/wp-content\/uploads\/2020\/11\/site-unisale-e1606652068292-260x186.jpg 260w, http:\/\/mspontocom.com.br\/site\/wp-content\/uploads\/2020\/11\/site-unisale-e1606652068292-768x549.jpg 768w\" sizes=\"(max-width: 852px) 100vw, 852px\" \/>A Universidade do Sentido, que teve sua cria\u00e7\u00e3o anunciada pelo Papa Francisco em junho de 2020, e integra a Pontif\u00edcia Funda\u00e7\u00e3o Scholas, chega ao Brasil.<\/p>\n<p style=\"text-align: justify;\">A Universidade do Sentido \u00e9 uma universidade p\u00fablica, gratuita, global, intergeracional, inter-religiosa e multicultural com sede formal na Cidade do Vaticano, mas com micro-sedes distribu\u00eddas em universidades confessionais, p\u00fablicas e privadas nos cinco continentes.<\/p>\n<p style=\"text-align: justify;\"><strong>A Universidade La Salle, em Canoas (RS), ser\u00e1 a primeira micro-sede brasileira do projeto<\/strong><\/p>\n<p style=\"text-align: justify;\">O conv\u00eanio entre a Pontif\u00edcia Funda\u00e7\u00e3o Scholas &#8211; uma rede internacional idealizada pelo Papa Francisco e que une estudantes de todo o mundo ao redor de um programa educativo &#8211; e a Universidade La Salle Canoas &#8211; pertencente a Rede La Salle presente em mais de 80 pa\u00edses no mundo &#8211; ser\u00e1 firmado por meio de um evento virtual nesta ter\u00e7a-feira (1\/12).<\/p>\n<p style=\"text-align: justify;\">A transmiss\u00e3o ser\u00e1 pelo canal da Funda\u00e7\u00e3o Scholas:\u00a0<a href=\"https:\/\/www.youtube.com\/channel\/UCcz7_g7kvrt6lIviYNV8ZOg\" target=\"_blank\" rel=\"noopener\" data-saferedirecturl=\"https:\/\/www.google.com\/url?q=https:\/\/www.youtube.com\/channel\/UCcz7_g7kvrt6lIviYNV8ZOg&amp;source=gmail&amp;ust=1606737086720000&amp;usg=AFQjCNFcXiJRmLdZ2Jc841v3iNdhg_gFIg\">https:\/\/www.youtube.com\/<wbr \/>channel\/UCcz7_<wbr \/>g7kvrt6lIviYNV8ZOg<\/a><\/p>\n<p style=\"text-align: justify;\"><strong>Sobre a Universidade do Sentido e Scholas<\/strong><\/p>\n<p style=\"text-align: justify;\">A Scholas Occurrentes \u00e9 uma Organiza\u00e7\u00e3o Internacional de Direito Pontif\u00edcio presente em 190 pa\u00edses nos cinco continentes e que, por meio de sua rede, integra meio milh\u00e3o de redes educacionais.<\/p>\n","protected":false},"excerpt":{"rendered":"<p>A Universidade do Sentido, que teve sua cria\u00e7\u00e3o anunciada pelo Papa Francisco em junho de 2020, e integra a Pontif\u00edcia Funda\u00e7\u00e3o Scholas, chega ao Brasil. A Universidade do Sentido \u00e9 uma universidade p\u00fablica, gratuita, global, intergeracional, inter-religiosa e multicultural com sede formal na Cidade do Vaticano, mas com micro-sedes distribu\u00eddas em universidades confessionais, p\u00fablicas e [&hellip;]<\/p>\n","protected":false},"author":2,"featured_media":154184,"comment_status":"open","ping_status":"open","sticky":false,"template":"","format":"standard","meta":{"_monsterinsights_skip_tracking":false,"_monsterinsights_sitenote_active":false,"_monsterinsights_sitenote_note":"","_monsterinsights_sitenote_category":0},"categories":[76],"tags":[30254,104,36352,36350,10630,2326,36351,5071],"aioseo_notices":[],"_links":{"self":[{"href":"http:\/\/mspontocom.com.br\/site\/wp-json\/wp\/v2\/posts\/154183"}],"collection":[{"href":"http:\/\/mspontocom.com.br\/site\/wp-json\/wp\/v2\/posts"}],"about":[{"href":"http:\/\/mspontocom.com.br\/site\/wp-json\/wp\/v2\/types\/post"}],"author":[{"embeddable":true,"href":"http:\/\/mspontocom.com.br\/site\/wp-json\/wp\/v2\/users\/2"}],"replies":[{"embeddable":true,"href":"http:\/\/mspontocom.com.br\/site\/wp-json\/wp\/v2\/comments?post=154183"}],"version-history":[{"count":1,"href":"http:\/\/mspontocom.com.br\/site\/wp-json\/wp\/v2\/posts\/154183\/revisions"}],"predecessor-version":[{"id":154185,"href":"http:\/\/mspontocom.com.br\/site\/wp-json\/wp\/v2\/posts\/154183\/revisions\/154185"}],"wp:featuredmedia":[{"embeddable":true,"href":"http:\/\/mspontocom.com.br\/site\/wp-json\/wp\/v2\/media\/154184"}],"wp:attachment":[{"href":"http:\/\/mspontocom.com.br\/site\/wp-json\/wp\/v2\/media?parent=154183"}],"wp:term":[{"taxonomy":"category","embeddable":true,"href":"http:\/\/mspontocom.com.br\/site\/wp-json\/wp\/v2\/categories?post=154183"},{"taxonomy":"post_tag","embeddable":true,"href":"http:\/\/mspontocom.com.br\/site\/wp-json\/wp\/v2\/tags?post=154183"}],"curies":[{"name":"wp","href":"https:\/\/api.w.org\/{rel}","templated":true}]}}