{"id":154580,"date":"2020-12-10T09:51:12","date_gmt":"2020-12-10T13:51:12","guid":{"rendered":"https:\/\/mspontocom.com.br\/site\/?p=154580"},"modified":"2020-12-10T08:25:27","modified_gmt":"2020-12-10T12:25:27","slug":"unicef-lanca-curso-gratuito-para-cuidados-com-as-criancas-em-relacao-a-covid-19","status":"publish","type":"post","link":"http:\/\/mspontocom.com.br\/site\/unicef-lanca-curso-gratuito-para-cuidados-com-as-criancas-em-relacao-a-covid-19\/","title":{"rendered":"Unicef lan\u00e7a curso gratuito para cuidados com as crian\u00e7as em rela\u00e7\u00e3o \u00e0 Covid-19"},"content":{"rendered":"<p style=\"text-align: justify;\"><img loading=\"lazy\" class=\"alignnone size-full wp-image-154586\" src=\"https:\/\/mspontocom.com.br\/site\/wp-content\/uploads\/2020\/12\/site-unicef-lanca-curso-gratuito-para-cuidados-com-as-criancas-em-relacao-a-covid-19-unicef-e1607603058737.jpg\" alt=\"\" width=\"394\" height=\"302\" srcset=\"http:\/\/mspontocom.com.br\/site\/wp-content\/uploads\/2020\/12\/site-unicef-lanca-curso-gratuito-para-cuidados-com-as-criancas-em-relacao-a-covid-19-unicef-e1607603058737.jpg 394w, http:\/\/mspontocom.com.br\/site\/wp-content\/uploads\/2020\/12\/site-unicef-lanca-curso-gratuito-para-cuidados-com-as-criancas-em-relacao-a-covid-19-unicef-e1607603058737-260x199.jpg 260w\" sizes=\"(max-width: 394px) 100vw, 394px\" \/><\/p>\n<p style=\"text-align: justify;\">Com o objetivo de fortalecer o trabalho de agentes comunit\u00e1rios de sa\u00fade, visitadores domiciliares e lideran\u00e7as comunit\u00e1rias, o <strong>Unicef<\/strong> lan\u00e7ou um curso gratuito chamado \u201cInf\u00e2ncias em tempos de<strong> Covid-19\u201d. <\/strong><\/p>\n<p style=\"text-align: justify;\">O material traz orienta\u00e7\u00f5es e conhecimentos b\u00e1sicos sobre a pandemia e os seus efeitos secund\u00e1rios em crian\u00e7as menores de seis anos e suas fam\u00edlias.<\/p>\n<p style=\"text-align: justify;\">A capacita\u00e7\u00e3o abrange, tamb\u00e9m, temas como pr\u00e9-natal, amamenta\u00e7\u00e3o, imuniza\u00e7\u00e3o, sa\u00fade mental, entre outros assuntos importantes para o desenvolvimento infantil.<\/p>\n<p style=\"text-align: justify;\"><strong>O curso \u00e9 gratuito e tem dura\u00e7\u00e3o de quatro horas. <\/strong><\/p>\n<p style=\"text-align: justify;\">Quem concluir o curso, ganha um certificado assinado pelo Unicef e pelo Iprede (Instituto da Primeira Inf\u00e2ncia).<\/p>\n<p style=\"text-align: justify;\">Para participar, \u00e9 necess\u00e1rio preencher um formul\u00e1rio e criar uma conta.<\/p>\n<p style=\"text-align: justify;\">A inscri\u00e7\u00e3o deve ser feita pelo link\u00a0<a href=\"https:\/\/cursocovid19.unicef.iprede.org.br\/\" target=\"_blank\" rel=\"noopener\">cursocovid19.unicef.iprede.org.br<\/a>.<\/p>\n<p style=\"text-align: justify;\">\n<p style=\"text-align: justify;\">Fonte:\u00a0<a href=\"https:\/\/brasil61.com\/noticias\/unicef-lanca-curso-gratuito-para-cuidados-com-as-criancas-em-relacao-a-covid-19-bras202948?email=olhardosul@hotmail.com&amp;utm_source=newsletter&amp;utm_medium=newsletter&amp;utm_campaign=newsletter\" target=\"_blank\" rel=\"noopener noreferrer\">Brasil 61<\/a><\/p>\n","protected":false},"excerpt":{"rendered":"<p>Com o objetivo de fortalecer o trabalho de agentes comunit\u00e1rios de sa\u00fade, visitadores domiciliares e lideran\u00e7as comunit\u00e1rias, o Unicef lan\u00e7ou um curso gratuito chamado \u201cInf\u00e2ncias em tempos de Covid-19\u201d. O material traz orienta\u00e7\u00f5es e conhecimentos b\u00e1sicos sobre a pandemia e os seus efeitos secund\u00e1rios em crian\u00e7as menores de seis anos e suas fam\u00edlias. A capacita\u00e7\u00e3o [&hellip;]<\/p>\n","protected":false},"author":2,"featured_media":154586,"comment_status":"open","ping_status":"open","sticky":false,"template":"","format":"standard","meta":{"_monsterinsights_skip_tracking":false,"_monsterinsights_sitenote_active":false,"_monsterinsights_sitenote_note":"","_monsterinsights_sitenote_category":0},"categories":[76],"tags":[35059,3116,2436,12150],"aioseo_notices":[],"_links":{"self":[{"href":"http:\/\/mspontocom.com.br\/site\/wp-json\/wp\/v2\/posts\/154580"}],"collection":[{"href":"http:\/\/mspontocom.com.br\/site\/wp-json\/wp\/v2\/posts"}],"about":[{"href":"http:\/\/mspontocom.com.br\/site\/wp-json\/wp\/v2\/types\/post"}],"author":[{"embeddable":true,"href":"http:\/\/mspontocom.com.br\/site\/wp-json\/wp\/v2\/users\/2"}],"replies":[{"embeddable":true,"href":"http:\/\/mspontocom.com.br\/site\/wp-json\/wp\/v2\/comments?post=154580"}],"version-history":[{"count":2,"href":"http:\/\/mspontocom.com.br\/site\/wp-json\/wp\/v2\/posts\/154580\/revisions"}],"predecessor-version":[{"id":154587,"href":"http:\/\/mspontocom.com.br\/site\/wp-json\/wp\/v2\/posts\/154580\/revisions\/154587"}],"wp:featuredmedia":[{"embeddable":true,"href":"http:\/\/mspontocom.com.br\/site\/wp-json\/wp\/v2\/media\/154586"}],"wp:attachment":[{"href":"http:\/\/mspontocom.com.br\/site\/wp-json\/wp\/v2\/media?parent=154580"}],"wp:term":[{"taxonomy":"category","embeddable":true,"href":"http:\/\/mspontocom.com.br\/site\/wp-json\/wp\/v2\/categories?post=154580"},{"taxonomy":"post_tag","embeddable":true,"href":"http:\/\/mspontocom.com.br\/site\/wp-json\/wp\/v2\/tags?post=154580"}],"curies":[{"name":"wp","href":"https:\/\/api.w.org\/{rel}","templated":true}]}}