{"id":154804,"date":"2020-12-17T13:21:55","date_gmt":"2020-12-17T17:21:55","guid":{"rendered":"https:\/\/mspontocom.com.br\/site\/?p=154804"},"modified":"2020-12-17T13:21:55","modified_gmt":"2020-12-17T17:21:55","slug":"governo-de-sp-abrira-escolas-ate-com-alta-de-casos-de-covid","status":"publish","type":"post","link":"http:\/\/mspontocom.com.br\/site\/governo-de-sp-abrira-escolas-ate-com-alta-de-casos-de-covid\/","title":{"rendered":"Governo de SP abrir\u00e1 escolas at\u00e9 com alta de casos de covid"},"content":{"rendered":"<p style=\"text-align: justify;\"><img loading=\"lazy\" class=\"alignnone size-full wp-image-154805\" src=\"https:\/\/mspontocom.com.br\/site\/wp-content\/uploads\/2020\/12\/site-governo-de-sp-abrira-escolas-ate-com-alta-de-casos-de-covid-joao-doria-fique-em-casa-e1608225652592.jpg\" alt=\"\" width=\"640\" height=\"402\" srcset=\"http:\/\/mspontocom.com.br\/site\/wp-content\/uploads\/2020\/12\/site-governo-de-sp-abrira-escolas-ate-com-alta-de-casos-de-covid-joao-doria-fique-em-casa-e1608225652592.jpg 640w, http:\/\/mspontocom.com.br\/site\/wp-content\/uploads\/2020\/12\/site-governo-de-sp-abrira-escolas-ate-com-alta-de-casos-de-covid-joao-doria-fique-em-casa-e1608225652592-260x163.jpg 260w\" sizes=\"(max-width: 640px) 100vw, 640px\" \/><\/p>\n<p style=\"text-align: justify;\">O governador Jo\u00e3o Doria vai anunciou nesta quinta-feira, 17, que as escolas p\u00fablicas e particulares poder\u00e3o continuar abertas mesmo se o Estado estiver na pior fase da pandemia, a etapa vermelha.<\/p>\n<p style=\"text-align: justify;\">Dessa forma, mesmo que a situa\u00e7\u00e3o da transmiss\u00e3o do coronav\u00edrus e de hospitaliza\u00e7\u00f5es fique mais grave em fevereiro, no retorno das f\u00e9rias, as escolas poderiam voltar com 35% dos alunos presencialmente.<\/p>\n<p style=\"text-align: justify;\">A autoriza\u00e7\u00e3o ser\u00e1 para que as escolas\u00a0<strong>possam dar aulas regulares e n\u00e3o apenas atividades extracurriculares<\/strong>, como foi permitido at\u00e9 agora pela Prefeitura para a maioria das s\u00e9ries.<\/p>\n<p style=\"text-align: justify;\">Na fase vermelha, apenas os servi\u00e7os essenciais poderiam funcionar at\u00e9 ent\u00e3o, como supermercados e farm\u00e1cias.<\/p>\n<p style=\"text-align: justify;\">Com a mudan\u00e7a, o governo segue\u00a0<strong>o que fizeram pa\u00edses europeus durante a segunda onda da pandemia<\/strong>.<\/p>\n<p style=\"text-align: justify;\">Fran\u00e7a, Alemanha, Reino Unido e Portugal, por exemplo, fecharam bares, restaurantes e parte do com\u00e9rcio, mas permitiram que as escolas continuassem<b>.<\/b><\/p>\n<p style=\"text-align: justify;\">Nova York tamb\u00e9m reabriu as escolas poucos dias depois de fech\u00e1-las no m\u00eas passado ap\u00f3s forte press\u00e3o de cientistas e de pais.<\/p>\n","protected":false},"excerpt":{"rendered":"<p>O governador Jo\u00e3o Doria vai anunciou nesta quinta-feira, 17, que as escolas p\u00fablicas e particulares poder\u00e3o continuar abertas mesmo se o Estado estiver na pior fase da pandemia, a etapa vermelha. Dessa forma, mesmo que a situa\u00e7\u00e3o da transmiss\u00e3o do coronav\u00edrus e de hospitaliza\u00e7\u00f5es fique mais grave em fevereiro, no retorno das f\u00e9rias, as escolas [&hellip;]<\/p>\n","protected":false},"author":2,"featured_media":154805,"comment_status":"open","ping_status":"open","sticky":false,"template":"","format":"standard","meta":{"_monsterinsights_skip_tracking":false,"_monsterinsights_sitenote_active":false,"_monsterinsights_sitenote_note":"","_monsterinsights_sitenote_category":0},"categories":[6,30260,76,30259],"tags":[6106,35104,28181,105,36523,36522],"aioseo_notices":[],"_links":{"self":[{"href":"http:\/\/mspontocom.com.br\/site\/wp-json\/wp\/v2\/posts\/154804"}],"collection":[{"href":"http:\/\/mspontocom.com.br\/site\/wp-json\/wp\/v2\/posts"}],"about":[{"href":"http:\/\/mspontocom.com.br\/site\/wp-json\/wp\/v2\/types\/post"}],"author":[{"embeddable":true,"href":"http:\/\/mspontocom.com.br\/site\/wp-json\/wp\/v2\/users\/2"}],"replies":[{"embeddable":true,"href":"http:\/\/mspontocom.com.br\/site\/wp-json\/wp\/v2\/comments?post=154804"}],"version-history":[{"count":1,"href":"http:\/\/mspontocom.com.br\/site\/wp-json\/wp\/v2\/posts\/154804\/revisions"}],"predecessor-version":[{"id":154806,"href":"http:\/\/mspontocom.com.br\/site\/wp-json\/wp\/v2\/posts\/154804\/revisions\/154806"}],"wp:featuredmedia":[{"embeddable":true,"href":"http:\/\/mspontocom.com.br\/site\/wp-json\/wp\/v2\/media\/154805"}],"wp:attachment":[{"href":"http:\/\/mspontocom.com.br\/site\/wp-json\/wp\/v2\/media?parent=154804"}],"wp:term":[{"taxonomy":"category","embeddable":true,"href":"http:\/\/mspontocom.com.br\/site\/wp-json\/wp\/v2\/categories?post=154804"},{"taxonomy":"post_tag","embeddable":true,"href":"http:\/\/mspontocom.com.br\/site\/wp-json\/wp\/v2\/tags?post=154804"}],"curies":[{"name":"wp","href":"https:\/\/api.w.org\/{rel}","templated":true}]}}