{"id":155167,"date":"2021-01-04T14:00:45","date_gmt":"2021-01-04T18:00:45","guid":{"rendered":"https:\/\/mspontocom.com.br\/site\/?p=155167"},"modified":"2021-01-04T12:50:08","modified_gmt":"2021-01-04T16:50:08","slug":"aberto-o-processo-seletivo-para-o-programa-cargill-global-scholars","status":"publish","type":"post","link":"http:\/\/mspontocom.com.br\/site\/aberto-o-processo-seletivo-para-o-programa-cargill-global-scholars\/","title":{"rendered":"Aberto o processo seletivo para o Programa Cargill Global Scholars"},"content":{"rendered":"<p style=\"text-align: justify;\"><img loading=\"lazy\" class=\"alignnone size-full wp-image-155176\" src=\"https:\/\/mspontocom.com.br\/site\/wp-content\/uploads\/2021\/01\/site-aberto-o-processo-seletivo-para-o-programa-cargill-global-scholars-programa-global-scholars-da-cargill.jpg\" alt=\"\" width=\"680\" height=\"425\" srcset=\"http:\/\/mspontocom.com.br\/site\/wp-content\/uploads\/2021\/01\/site-aberto-o-processo-seletivo-para-o-programa-cargill-global-scholars-programa-global-scholars-da-cargill.jpg 680w, http:\/\/mspontocom.com.br\/site\/wp-content\/uploads\/2021\/01\/site-aberto-o-processo-seletivo-para-o-programa-cargill-global-scholars-programa-global-scholars-da-cargill-260x163.jpg 260w\" sizes=\"(max-width: 680px) 100vw, 680px\" \/><\/p>\n<p style=\"text-align: justify;\">O programa Cargill Global Scholars \u00e9 uma oportunidade \u00fanica de bolsa que oferece apoio financeiro e oportunidades de desenvolvimento de lideran\u00e7a atrav\u00e9s de semin\u00e1rios, eventos de networking, e um componente de mentoria.<\/p>\n<p style=\"text-align: justify;\">As candidaturas\u00a0 ser\u00e3o aceitas at\u00e9 o dia 26 de maio de 2021, para se candidatar acesse:\u00a0<a href=\"https:\/\/www.cargillglobalscholars.com\/application-management\/\" target=\"_blank\" rel=\"noopener noreferrer\">https:\/\/www.cargillglobalscholars.com\/application-management\/<\/a><\/p>\n<p style=\"text-align: justify;\">A UFMS ser\u00e1 representante da regi\u00e3o do Centro-Oeste para participar do processo seletivo neste primeiro ano.<\/p>\n<p style=\"text-align: justify;\">O requisitos para os acad\u00eamicos interessados em participar s\u00e3o, que:<\/p>\n<ul style=\"text-align: justify;\">\n<li>Sejam cidad\u00e3os ou residentes permanentes do Brasil.<\/li>\n<li>Estejam no 1\u00ba ou 2\u00ba ano de gradua\u00e7\u00e3o (3\u00ba ano no caso de programas com dura\u00e7\u00e3o de 5 anos).<\/li>\n<li>Demonstrem um bom desempenho acad\u00eamico (m\u00e9dia global de 7.0) e potencial de lideran\u00e7a.<\/li>\n<\/ul>\n<p style=\"text-align: justify;\">Fonte e mais informa\u00e7\u00f5es:\u00a0<a href=\"https:\/\/www.cargillglobalscholars.com\/\" target=\"_blank\" rel=\"noopener noreferrer\">cargillglobalscholars.com<\/a><\/p>\n","protected":false},"excerpt":{"rendered":"<p>O programa Cargill Global Scholars \u00e9 uma oportunidade \u00fanica de bolsa que oferece apoio financeiro e oportunidades de desenvolvimento de lideran\u00e7a atrav\u00e9s de semin\u00e1rios, eventos de networking, e um componente de mentoria. As candidaturas\u00a0 ser\u00e3o aceitas at\u00e9 o dia 26 de maio de 2021, para se candidatar acesse:\u00a0https:\/\/www.cargillglobalscholars.com\/application-management\/ A UFMS ser\u00e1 representante da regi\u00e3o do [&hellip;]<\/p>\n","protected":false},"author":2,"featured_media":155176,"comment_status":"open","ping_status":"open","sticky":false,"template":"","format":"standard","meta":{"_monsterinsights_skip_tracking":false,"_monsterinsights_sitenote_active":false,"_monsterinsights_sitenote_note":"","_monsterinsights_sitenote_category":0},"categories":[76],"tags":[36633,2545,36632],"aioseo_notices":[],"_links":{"self":[{"href":"http:\/\/mspontocom.com.br\/site\/wp-json\/wp\/v2\/posts\/155167"}],"collection":[{"href":"http:\/\/mspontocom.com.br\/site\/wp-json\/wp\/v2\/posts"}],"about":[{"href":"http:\/\/mspontocom.com.br\/site\/wp-json\/wp\/v2\/types\/post"}],"author":[{"embeddable":true,"href":"http:\/\/mspontocom.com.br\/site\/wp-json\/wp\/v2\/users\/2"}],"replies":[{"embeddable":true,"href":"http:\/\/mspontocom.com.br\/site\/wp-json\/wp\/v2\/comments?post=155167"}],"version-history":[{"count":2,"href":"http:\/\/mspontocom.com.br\/site\/wp-json\/wp\/v2\/posts\/155167\/revisions"}],"predecessor-version":[{"id":155177,"href":"http:\/\/mspontocom.com.br\/site\/wp-json\/wp\/v2\/posts\/155167\/revisions\/155177"}],"wp:featuredmedia":[{"embeddable":true,"href":"http:\/\/mspontocom.com.br\/site\/wp-json\/wp\/v2\/media\/155176"}],"wp:attachment":[{"href":"http:\/\/mspontocom.com.br\/site\/wp-json\/wp\/v2\/media?parent=155167"}],"wp:term":[{"taxonomy":"category","embeddable":true,"href":"http:\/\/mspontocom.com.br\/site\/wp-json\/wp\/v2\/categories?post=155167"},{"taxonomy":"post_tag","embeddable":true,"href":"http:\/\/mspontocom.com.br\/site\/wp-json\/wp\/v2\/tags?post=155167"}],"curies":[{"name":"wp","href":"https:\/\/api.w.org\/{rel}","templated":true}]}}