{"id":161996,"date":"2021-07-24T07:58:57","date_gmt":"2021-07-24T11:58:57","guid":{"rendered":"https:\/\/mspontocom.com.br\/site\/?p=161996"},"modified":"2021-07-24T07:58:57","modified_gmt":"2021-07-24T11:58:57","slug":"ms-oficina-gratuita-do-sebrae-ajuda-empresarios-a-organizar-ideias-de-negocios","status":"publish","type":"post","link":"http:\/\/mspontocom.com.br\/site\/ms-oficina-gratuita-do-sebrae-ajuda-empresarios-a-organizar-ideias-de-negocios\/","title":{"rendered":"MS: Oficina gratuita do Sebrae ajuda empres\u00e1rios a organizar ideias de neg\u00f3cios"},"content":{"rendered":"<p><img loading=\"lazy\" class=\"size-full wp-image-162000\" src=\"https:\/\/mspontocom.com.br\/site\/wp-content\/uploads\/2021\/07\/site-ms-oficina-gratuita-do-sebrae-ajuda-empresarios-a-organizar-ideias-de-negocios-oficina.jpg\" alt=\"\" width=\"600\" height=\"337\" srcset=\"http:\/\/mspontocom.com.br\/site\/wp-content\/uploads\/2021\/07\/site-ms-oficina-gratuita-do-sebrae-ajuda-empresarios-a-organizar-ideias-de-negocios-oficina.jpg 600w, http:\/\/mspontocom.com.br\/site\/wp-content\/uploads\/2021\/07\/site-ms-oficina-gratuita-do-sebrae-ajuda-empresarios-a-organizar-ideias-de-negocios-oficina-260x146.jpg 260w\" sizes=\"(max-width: 600px) 100vw, 600px\" \/><\/p>\n<p>&nbsp;<\/p>\n<p><span style=\"text-align: justify; font-size: 16px;\">Est\u00e3o abertas as inscri\u00e7\u00f5es para a oficina \u201cVisualizando Meu Neg\u00f3cio No Papel\u201d, curso ofertado pelo Sebrae\/MS.<\/span><\/p>\n<p style=\"text-align: justify;\">A capacita\u00e7\u00e3o <strong>totalmente on-line e gratuita<\/strong> acontece nos dias 28 e 29 de julho, de 18h30 a 22h30, sendo voltada para <strong>empreendedores, startups e empres\u00e1rios<\/strong> que querem validar uma ideia de neg\u00f3cio.<\/p>\n<p style=\"text-align: justify;\">Durante as aulas, os participantes v\u00e3o estruturar o modelo de neg\u00f3cio, construindo um mapa visual utilizando metodologia Canvas.<\/p>\n<p style=\"text-align: justify;\">Com essa ferramenta, os empreendedores ter\u00e3o um maior entendimento sobre as necessidades, fragilidades e fortalezas dos seus neg\u00f3cios.<\/p>\n<p style=\"text-align: justify;\"><b>Inscri\u00e7\u00f5es<\/b><\/p>\n<p style=\"text-align: justify;\">As inscri\u00e7\u00f5es s\u00e3o gratuitas e podem ser feitas pela\u00a0<a href=\"https:\/\/seblink.sebrae.ms\/cl\/PLYWN\/K2S\/1271\/F3jSwo-Ic_g\/BNpD\/PDQca9ZkVDe\/1\/\" target=\"_blank\" rel=\"noopener\" data-saferedirecturl=\"https:\/\/www.google.com\/url?q=https:\/\/seblink.sebrae.ms\/cl\/PLYWN\/K2S\/1271\/F3jSwo-Ic_g\/BNpD\/PDQca9ZkVDe\/1\/&amp;source=gmail&amp;ust=1627211535030000&amp;usg=AFQjCNFtagCeaHx3YEMezaTvbybaLrubVw\">Loja Virtual do Sebrae<\/a>.<\/p>\n<p style=\"text-align: justify;\">Mais informa\u00e7\u00f5es pela Central de Atendimento no contato 0800 570 0800.<\/p>\n<p style=\"text-align: justify;\"><b>Oficina<\/b><\/p>\n<p style=\"text-align: justify;\">Data: 28 e 29 de julho<br \/>\nHor\u00e1rio: 18h30 a 22h30<br \/>\nLocal:\u00a0<a href=\"https:\/\/seblink.sebrae.ms\/cl\/PLYWN\/K2S\/1271\/F3jSwo-Ic_g\/BNpD\/PDQca9ZkVDe\/2\/\" target=\"_blank\" rel=\"noopener\" data-saferedirecturl=\"https:\/\/www.google.com\/url?q=https:\/\/seblink.sebrae.ms\/cl\/PLYWN\/K2S\/1271\/F3jSwo-Ic_g\/BNpD\/PDQca9ZkVDe\/2\/&amp;source=gmail&amp;ust=1627211535030000&amp;usg=AFQjCNGvIf55AjaOFeQj_QiUm-QbezzosA\">Loja Virtual do Sebrae<\/a><\/p>\n","protected":false},"excerpt":{"rendered":"<p>&nbsp; Est\u00e3o abertas as inscri\u00e7\u00f5es para a oficina \u201cVisualizando Meu Neg\u00f3cio No Papel\u201d, curso ofertado pelo Sebrae\/MS. A capacita\u00e7\u00e3o totalmente on-line e gratuita acontece nos dias 28 e 29 de julho, de 18h30 a 22h30, sendo voltada para empreendedores, startups e empres\u00e1rios que querem validar uma ideia de neg\u00f3cio. Durante as aulas, os participantes v\u00e3o [&hellip;]<\/p>\n","protected":false},"author":2,"featured_media":162000,"comment_status":"open","ping_status":"open","sticky":false,"template":"","format":"standard","meta":{"_monsterinsights_skip_tracking":false,"_monsterinsights_sitenote_active":false,"_monsterinsights_sitenote_note":"","_monsterinsights_sitenote_category":0},"categories":[15],"tags":[435,22040,81,332,536],"aioseo_notices":[],"_links":{"self":[{"href":"http:\/\/mspontocom.com.br\/site\/wp-json\/wp\/v2\/posts\/161996"}],"collection":[{"href":"http:\/\/mspontocom.com.br\/site\/wp-json\/wp\/v2\/posts"}],"about":[{"href":"http:\/\/mspontocom.com.br\/site\/wp-json\/wp\/v2\/types\/post"}],"author":[{"embeddable":true,"href":"http:\/\/mspontocom.com.br\/site\/wp-json\/wp\/v2\/users\/2"}],"replies":[{"embeddable":true,"href":"http:\/\/mspontocom.com.br\/site\/wp-json\/wp\/v2\/comments?post=161996"}],"version-history":[{"count":2,"href":"http:\/\/mspontocom.com.br\/site\/wp-json\/wp\/v2\/posts\/161996\/revisions"}],"predecessor-version":[{"id":162001,"href":"http:\/\/mspontocom.com.br\/site\/wp-json\/wp\/v2\/posts\/161996\/revisions\/162001"}],"wp:featuredmedia":[{"embeddable":true,"href":"http:\/\/mspontocom.com.br\/site\/wp-json\/wp\/v2\/media\/162000"}],"wp:attachment":[{"href":"http:\/\/mspontocom.com.br\/site\/wp-json\/wp\/v2\/media?parent=161996"}],"wp:term":[{"taxonomy":"category","embeddable":true,"href":"http:\/\/mspontocom.com.br\/site\/wp-json\/wp\/v2\/categories?post=161996"},{"taxonomy":"post_tag","embeddable":true,"href":"http:\/\/mspontocom.com.br\/site\/wp-json\/wp\/v2\/tags?post=161996"}],"curies":[{"name":"wp","href":"https:\/\/api.w.org\/{rel}","templated":true}]}}