{"id":162313,"date":"2021-08-03T10:01:50","date_gmt":"2021-08-03T14:01:50","guid":{"rendered":"https:\/\/mspontocom.com.br\/site\/?p=162313"},"modified":"2021-08-03T08:10:33","modified_gmt":"2021-08-03T12:10:33","slug":"instituto-capitalismo-consciente-abre-inscricoes-para-programa-esg","status":"publish","type":"post","link":"http:\/\/mspontocom.com.br\/site\/instituto-capitalismo-consciente-abre-inscricoes-para-programa-esg\/","title":{"rendered":"Instituto Capitalismo Consciente abre inscri\u00e7\u00f5es para programa ESG"},"content":{"rendered":"<p style=\"text-align: justify;\"><img loading=\"lazy\" class=\"alignnone size-full wp-image-162314\" src=\"https:\/\/mspontocom.com.br\/site\/wp-content\/uploads\/2021\/08\/site-instituto-capitalismo-consciente-abre-inscricoes-para-programa-esg-capitalismo-consciente-brasil.png\" alt=\"\" width=\"600\" height=\"300\" srcset=\"http:\/\/mspontocom.com.br\/site\/wp-content\/uploads\/2021\/08\/site-instituto-capitalismo-consciente-abre-inscricoes-para-programa-esg-capitalismo-consciente-brasil.png 600w, http:\/\/mspontocom.com.br\/site\/wp-content\/uploads\/2021\/08\/site-instituto-capitalismo-consciente-abre-inscricoes-para-programa-esg-capitalismo-consciente-brasil-260x130.png 260w\" sizes=\"(max-width: 600px) 100vw, 600px\" \/><\/p>\n<p style=\"text-align: justify;\">O Instituto Capitalismo Consciente Brasil (ICCB) abriu vagas para uma nova turma do programa do movimento ESG (<em>Environmental, Social and Governance<\/em>) oferecendo aos participantes conceitos e ferramentas que contribuam para o desenvolvimento estrat\u00e9gico e aplica\u00e7\u00e3o no dia a dia.<\/p>\n<p style=\"text-align: justify;\">A jornada \u00e9 voltada para <strong>administradores, gerentes, diretores, VPs, CEOs e empres\u00e1rios<\/strong>, e vai proporcionar aos participantes uma imers\u00e3o completa dos principais elementos do movimento ESG, que influenciam na tomada de decis\u00e3o e desenvolvimento estrat\u00e9gico dos neg\u00f3cios<\/p>\n<p style=\"text-align: justify;\">Com in\u00edcio marcado para 24 de agosto, os interessados podem se inscrever pelo site:\u00a0<a href=\"https:\/\/gateway.pr.comunique-se.com.br\/api\/Campaign\/AddCampaignEmailClick\/95ed0f9c-09ee-4aad-c817-08d94d11528b\/https%253a%252f%252fwww.hsm.com.br%252fhsm-jornada-esg%252f\/3a62c3e8-195a-4a2c-fc4a-08d7c5ff26d1\/mspontocom@gmail.com\/True\" target=\"_blank\" rel=\"noopener noreferrer\" data-saferedirecturl=\"https:\/\/www.google.com\/url?q=https:\/\/gateway.pr.comunique-se.com.br\/api\/Campaign\/AddCampaignEmailClick\/95ed0f9c-09ee-4aad-c817-08d94d11528b\/https%25253a%25252f%25252fwww.hsm.com.br%25252fhsm-jornada-esg%25252f\/3a62c3e8-195a-4a2c-fc4a-08d7c5ff26d1\/mspontocom@gmail.com\/True&amp;source=gmail&amp;ust=1628072900930000&amp;usg=AFQjCNGQTasv3gjzZo-g5re0HultyDZW7A\">https:\/\/www.hsm.com.br\/hsm-<wbr \/>jornada-esg\/<\/a>.<\/p>\n<p style=\"text-align: justify;\"><strong>Sobre o Instituto Capitalismo Consciente Brasil<\/strong><\/p>\n<p style=\"text-align: justify;\">Fundado em 2013, o Instituto Capitalismo Consciente Brasil incentiva, inspira e ajuda empreendedores e l\u00edderes a aplicarem os princ\u00edpios do capitalismo consciente em suas organiza\u00e7\u00f5es.<\/p>\n<p style=\"text-align: justify;\">Site:\u00a0<a href=\"https:\/\/gateway.pr.comunique-se.com.br\/api\/Campaign\/AddCampaignEmailClick\/95ed0f9c-09ee-4aad-c817-08d94d11528b\/https%253a%252f%252fwww.ccbrasil.cc%252f\/3a62c3e8-195a-4a2c-fc4a-08d7c5ff26d1\/mspontocom@gmail.com\/True\" target=\"_blank\" rel=\"noopener noreferrer\" data-saferedirecturl=\"https:\/\/www.google.com\/url?q=https:\/\/gateway.pr.comunique-se.com.br\/api\/Campaign\/AddCampaignEmailClick\/95ed0f9c-09ee-4aad-c817-08d94d11528b\/https%25253a%25252f%25252fwww.ccbrasil.cc%25252f\/3a62c3e8-195a-4a2c-fc4a-08d7c5ff26d1\/mspontocom@gmail.com\/True&amp;source=gmail&amp;ust=1628072900930000&amp;usg=AFQjCNGC8k_SayvQFM-RhFe2mx_n3PBavg\">https:\/\/www.ccbrasil.cc\/<\/a><\/p>\n","protected":false},"excerpt":{"rendered":"<p>A jornada \u00e9 voltada para administradores, gerentes, diretores, VPs, CEOs e empres\u00e1rios<\/p>\n","protected":false},"author":2,"featured_media":162314,"comment_status":"open","ping_status":"open","sticky":false,"template":"","format":"standard","meta":{"_monsterinsights_skip_tracking":false,"_monsterinsights_sitenote_active":false,"_monsterinsights_sitenote_note":"","_monsterinsights_sitenote_category":0},"categories":[15],"tags":[36152,37822],"aioseo_notices":[],"_links":{"self":[{"href":"http:\/\/mspontocom.com.br\/site\/wp-json\/wp\/v2\/posts\/162313"}],"collection":[{"href":"http:\/\/mspontocom.com.br\/site\/wp-json\/wp\/v2\/posts"}],"about":[{"href":"http:\/\/mspontocom.com.br\/site\/wp-json\/wp\/v2\/types\/post"}],"author":[{"embeddable":true,"href":"http:\/\/mspontocom.com.br\/site\/wp-json\/wp\/v2\/users\/2"}],"replies":[{"embeddable":true,"href":"http:\/\/mspontocom.com.br\/site\/wp-json\/wp\/v2\/comments?post=162313"}],"version-history":[{"count":1,"href":"http:\/\/mspontocom.com.br\/site\/wp-json\/wp\/v2\/posts\/162313\/revisions"}],"predecessor-version":[{"id":162315,"href":"http:\/\/mspontocom.com.br\/site\/wp-json\/wp\/v2\/posts\/162313\/revisions\/162315"}],"wp:featuredmedia":[{"embeddable":true,"href":"http:\/\/mspontocom.com.br\/site\/wp-json\/wp\/v2\/media\/162314"}],"wp:attachment":[{"href":"http:\/\/mspontocom.com.br\/site\/wp-json\/wp\/v2\/media?parent=162313"}],"wp:term":[{"taxonomy":"category","embeddable":true,"href":"http:\/\/mspontocom.com.br\/site\/wp-json\/wp\/v2\/categories?post=162313"},{"taxonomy":"post_tag","embeddable":true,"href":"http:\/\/mspontocom.com.br\/site\/wp-json\/wp\/v2\/tags?post=162313"}],"curies":[{"name":"wp","href":"https:\/\/api.w.org\/{rel}","templated":true}]}}