{"id":162332,"date":"2021-08-04T08:55:13","date_gmt":"2021-08-04T12:55:13","guid":{"rendered":"https:\/\/mspontocom.com.br\/site\/?p=162332"},"modified":"2021-08-04T06:00:10","modified_gmt":"2021-08-04T10:00:10","slug":"brasil-sera-principal-alvo-de-investimentos-verdes-no-mundo-diz-ministra","status":"publish","type":"post","link":"http:\/\/mspontocom.com.br\/site\/brasil-sera-principal-alvo-de-investimentos-verdes-no-mundo-diz-ministra\/","title":{"rendered":"Brasil ser\u00e1 principal alvo de investimentos verdes no mundo, diz ministra"},"content":{"rendered":"<p><img loading=\"lazy\" class=\"size-full wp-image-162350\" src=\"https:\/\/mspontocom.com.br\/site\/wp-content\/uploads\/2021\/08\/site-brasil-sera-principal-alvo-de-investimentos-verdes-no-mundo-diz-ministra-bolsonaro-e-tereza-cristina-1.jpg\" alt=\"\" width=\"640\" height=\"427\" srcset=\"http:\/\/mspontocom.com.br\/site\/wp-content\/uploads\/2021\/08\/site-brasil-sera-principal-alvo-de-investimentos-verdes-no-mundo-diz-ministra-bolsonaro-e-tereza-cristina-1.jpg 640w, http:\/\/mspontocom.com.br\/site\/wp-content\/uploads\/2021\/08\/site-brasil-sera-principal-alvo-de-investimentos-verdes-no-mundo-diz-ministra-bolsonaro-e-tereza-cristina-1-260x173.jpg 260w\" sizes=\"(max-width: 640px) 100vw, 640px\" \/><\/p>\n<p style=\"text-align: justify;\">A ministra da Agricultura, Pecu\u00e1ria e Abastecimento, Tereza Cristina, afirmou que o Brasil pode ser o principal alvo de investimentos verdes no mundo.<\/p>\n<p style=\"text-align: justify;\">Atualmente, estima-se R$ 30 bilh\u00f5es em gest\u00e3o de t\u00edtulos verdes no pa\u00eds, com potencial de crescimento frente a US$ 1 trilh\u00e3o de recursos investidos em fundos sustent\u00e1veis internacionais.<\/p>\n<p style=\"text-align: justify;\">A fala ocorreu durante o 20\u00ba Congresso Brasileiro do Agroneg\u00f3cio, nesta segunda-feira (2).<\/p>\n<p style=\"text-align: justify;\">Para Tereza Cristina, o Brasil tem conseguido aliar produtividade e sustentabilidade no modelo agropecu\u00e1rio que vem desenvolvendo, e o avan\u00e7o na implementa\u00e7\u00e3o do c\u00f3digo florestal est\u00e1 entre as prioridades da pasta.<\/p>\n<p style=\"text-align: justify;\">Na avalia\u00e7\u00e3o da ministra, essa legisla\u00e7\u00e3o ser\u00e1 essencial para que o pa\u00eds se torne l\u00edder na agenda global da sustentabilidade, conciliando a produ\u00e7\u00e3o agropecu\u00e1ria com a conserva\u00e7\u00e3o ambiental.<\/p>\n<p style=\"text-align: justify;\">O congresso tamb\u00e9m contou com uma fala do ministro da Infraestrutura, Tarc\u00edsio Gomes de Freitas, que enviou mensagem aos participantes ressaltando que a infraestrutura deve caminhar para &#8220;atender \u00e0s necessidades do agro&#8221;.<\/p>\n<p style=\"text-align: justify;\">\n<p style=\"text-align: justify;\">Fonte: <a href=\"https:\/\/brasil61.com\/n\/brasil-pode-ser-principal-alvo-de-investimentos-verdes-no-mundo-diz-ministra-tereza-cristina-bras215913\" target=\"_blank\" rel=\"noopener\">Brasil 61<\/a><\/p>\n<p>Foto: Isac N\u00f3brega\/PR<\/p>\n","protected":false},"excerpt":{"rendered":"<p>Atualmente, estima-se R$ 30 bilh\u00f5es em gest\u00e3o de t\u00edtulos verdes no pa\u00eds, com potencial de crescimento frente a US$ 1 trilh\u00e3o<\/p>\n","protected":false},"author":2,"featured_media":162350,"comment_status":"open","ping_status":"open","sticky":false,"template":"","format":"standard","meta":{"_monsterinsights_skip_tracking":false,"_monsterinsights_sitenote_active":false,"_monsterinsights_sitenote_note":"","_monsterinsights_sitenote_category":0},"categories":[15],"tags":[30254,37828],"aioseo_notices":[],"_links":{"self":[{"href":"http:\/\/mspontocom.com.br\/site\/wp-json\/wp\/v2\/posts\/162332"}],"collection":[{"href":"http:\/\/mspontocom.com.br\/site\/wp-json\/wp\/v2\/posts"}],"about":[{"href":"http:\/\/mspontocom.com.br\/site\/wp-json\/wp\/v2\/types\/post"}],"author":[{"embeddable":true,"href":"http:\/\/mspontocom.com.br\/site\/wp-json\/wp\/v2\/users\/2"}],"replies":[{"embeddable":true,"href":"http:\/\/mspontocom.com.br\/site\/wp-json\/wp\/v2\/comments?post=162332"}],"version-history":[{"count":2,"href":"http:\/\/mspontocom.com.br\/site\/wp-json\/wp\/v2\/posts\/162332\/revisions"}],"predecessor-version":[{"id":162351,"href":"http:\/\/mspontocom.com.br\/site\/wp-json\/wp\/v2\/posts\/162332\/revisions\/162351"}],"wp:featuredmedia":[{"embeddable":true,"href":"http:\/\/mspontocom.com.br\/site\/wp-json\/wp\/v2\/media\/162350"}],"wp:attachment":[{"href":"http:\/\/mspontocom.com.br\/site\/wp-json\/wp\/v2\/media?parent=162332"}],"wp:term":[{"taxonomy":"category","embeddable":true,"href":"http:\/\/mspontocom.com.br\/site\/wp-json\/wp\/v2\/categories?post=162332"},{"taxonomy":"post_tag","embeddable":true,"href":"http:\/\/mspontocom.com.br\/site\/wp-json\/wp\/v2\/tags?post=162332"}],"curies":[{"name":"wp","href":"https:\/\/api.w.org\/{rel}","templated":true}]}}