{"id":162347,"date":"2021-08-04T08:26:41","date_gmt":"2021-08-04T12:26:41","guid":{"rendered":"https:\/\/mspontocom.com.br\/site\/?p=162347"},"modified":"2021-08-04T05:54:43","modified_gmt":"2021-08-04T09:54:43","slug":"reforma-administrativa-e-necessaria-para-tornar-a-gestao-publica-mais-eficiente-diz-cni","status":"publish","type":"post","link":"http:\/\/mspontocom.com.br\/site\/reforma-administrativa-e-necessaria-para-tornar-a-gestao-publica-mais-eficiente-diz-cni\/","title":{"rendered":"Reforma administrativa \u00e9 necess\u00e1ria para tornar a gest\u00e3o p\u00fablica mais eficiente, diz CNI"},"content":{"rendered":"<p style=\"text-align: justify;\"><img loading=\"lazy\" class=\"alignnone size-full wp-image-162348\" src=\"https:\/\/mspontocom.com.br\/site\/wp-content\/uploads\/2021\/08\/site-reforma-administrativa-e-necessaria-para-tornar-a-gestao-publica-mais-eficiente-diz-cni-cni1.jpg\" alt=\"\" width=\"620\" height=\"412\" srcset=\"http:\/\/mspontocom.com.br\/site\/wp-content\/uploads\/2021\/08\/site-reforma-administrativa-e-necessaria-para-tornar-a-gestao-publica-mais-eficiente-diz-cni-cni1.jpg 620w, http:\/\/mspontocom.com.br\/site\/wp-content\/uploads\/2021\/08\/site-reforma-administrativa-e-necessaria-para-tornar-a-gestao-publica-mais-eficiente-diz-cni-cni1-260x173.jpg 260w\" sizes=\"(max-width: 620px) 100vw, 620px\" \/><\/p>\n<p style=\"text-align: justify;\">O presidente da Confedera\u00e7\u00e3o Nacional da Ind\u00fastria (CNI) Robson Braga de Andrade, afirmou que a reforma administrativa \u00e9 importante, mas que n\u00e3o deve ser colocada \u00e0 frente da reforma tribut\u00e1ria.<\/p>\n<p style=\"text-align: justify;\">Andrade defende que o foco da reforma administrativa deve ser modernizar e tornar o Estado mais eficiente.<\/p>\n<p style=\"text-align: justify;\"><strong>\u201cPrecisamos de uma gest\u00e3o p\u00fablica mais eficiente, que atue em parceria com o setor privado e ofere\u00e7a servi\u00e7os de melhor qualidade aos cidad\u00e3os&#8221;,<\/strong>\u00a0 afirmou o presidente da CNI durante\u00a0<a href=\"https:\/\/gateway.pr.comunique-se.com.br\/api\/Campaign\/AddCampaignEmailClick\/8522a0c8-c09b-4a2f-44d2-08d94d1030f2\/https%253a%252f%252fwww.youtube.com%252fwatch%253fv%253dtOq1HNPoQ0Y\/3a62c3e8-195a-4a2c-fc4a-08d7c5ff26d1\/mspontocom@gmail.com\/True\" target=\"_blank\" rel=\"noopener noreferrer\" data-saferedirecturl=\"https:\/\/www.google.com\/url?q=https:\/\/gateway.pr.comunique-se.com.br\/api\/Campaign\/AddCampaignEmailClick\/8522a0c8-c09b-4a2f-44d2-08d94d1030f2\/https%25253a%25252f%25252fwww.youtube.com%25252fwatch%25253fv%25253dtOq1HNPoQ0Y\/3a62c3e8-195a-4a2c-fc4a-08d7c5ff26d1\/mspontocom@gmail.com\/True&amp;source=gmail&amp;ust=1628155858338000&amp;usg=AFQjCNFzt2xYh3qZu74bvHZ38uUYh87QqA\">debate online sobre reforma administrativa<\/a>\u00a0realizado em parceria com o\u00a0<a href=\"https:\/\/gateway.pr.comunique-se.com.br\/api\/Campaign\/AddCampaignEmailClick\/8522a0c8-c09b-4a2f-44d2-08d94d1030f2\/https%253a%252f%252fpatrocinados.estadao.com.br%252fmedialab%252feventos%252fforuns%252f\/3a62c3e8-195a-4a2c-fc4a-08d7c5ff26d1\/mspontocom@gmail.com\/True\" target=\"_blank\" rel=\"noopener noreferrer\" data-saferedirecturl=\"https:\/\/www.google.com\/url?q=https:\/\/gateway.pr.comunique-se.com.br\/api\/Campaign\/AddCampaignEmailClick\/8522a0c8-c09b-4a2f-44d2-08d94d1030f2\/https%25253a%25252f%25252fpatrocinados.estadao.com.br%25252fmedialab%25252feventos%25252fforuns%25252f\/3a62c3e8-195a-4a2c-fc4a-08d7c5ff26d1\/mspontocom@gmail.com\/True&amp;source=gmail&amp;ust=1628155858338000&amp;usg=AFQjCNFBhnjlUHwjWDqxJZdERESbMqM_jw\">F\u00f3rum Estad\u00e3o Think<\/a>,<\/p>\n<p style=\"text-align: justify;\">De acordo com o presidente da CNI, entre os pontos a serem observados na reforma administrativa est\u00e1 o controle do gasto p\u00fablico.<\/p>\n<p style=\"text-align: justify;\">Em 2019, por exemplo, os gastos com pessoal representaram 21,7% do total das despesas prim\u00e1rias do governo federal.<\/p>\n<p style=\"text-align: justify;\">No Brasil, as despesas obrigat\u00f3rias s\u00e3o respons\u00e1veis por parte significativa dos gastos p\u00fablicos e sua participa\u00e7\u00e3o na despesa total t\u00eam crescido, o que reduz a capacidade de investimento do governo em \u00e1reas cruciais como sa\u00fade, educa\u00e7\u00e3o e seguran\u00e7a.<\/p>\n<p style=\"text-align: justify;\"><strong>Reforma administrativa deve alcan\u00e7ar os servidores atuais, afirma economista<\/strong><em>\u00a0<\/em><\/p>\n<p style=\"text-align: justify;\">Chefe da consultoria Oliver Wyman no Brasil e\u00a0s\u00f3cia nas pr\u00e1ticas de Finan\u00e7as &amp; Risco e Pol\u00edticas P\u00fablicas, a economista Ana Carla Costa diz que as novas regras para os servi\u00e7os p\u00fablicos deveriam alcan\u00e7ar os atuais servidores, principalmente porque n\u00e3o v\u00e3o afetar os direitos adquiridos.<\/p>\n<p style=\"text-align: justify;\">Parte do processo, diz, \u00e9 a mudan\u00e7a cultural dentro do servi\u00e7o p\u00fablico e diferenciar o bom do mal servi\u00e7os.<\/p>\n","protected":false},"excerpt":{"rendered":"<p>De acordo com o presidente da CNI, entre os pontos a serem observados na reforma administrativa est\u00e1 o controle do gasto p\u00fablico.<\/p>\n","protected":false},"author":2,"featured_media":162348,"comment_status":"open","ping_status":"open","sticky":false,"template":"","format":"standard","meta":{"_monsterinsights_skip_tracking":false,"_monsterinsights_sitenote_active":false,"_monsterinsights_sitenote_note":"","_monsterinsights_sitenote_category":0},"categories":[15],"tags":[3937,8832],"aioseo_notices":[],"_links":{"self":[{"href":"http:\/\/mspontocom.com.br\/site\/wp-json\/wp\/v2\/posts\/162347"}],"collection":[{"href":"http:\/\/mspontocom.com.br\/site\/wp-json\/wp\/v2\/posts"}],"about":[{"href":"http:\/\/mspontocom.com.br\/site\/wp-json\/wp\/v2\/types\/post"}],"author":[{"embeddable":true,"href":"http:\/\/mspontocom.com.br\/site\/wp-json\/wp\/v2\/users\/2"}],"replies":[{"embeddable":true,"href":"http:\/\/mspontocom.com.br\/site\/wp-json\/wp\/v2\/comments?post=162347"}],"version-history":[{"count":1,"href":"http:\/\/mspontocom.com.br\/site\/wp-json\/wp\/v2\/posts\/162347\/revisions"}],"predecessor-version":[{"id":162349,"href":"http:\/\/mspontocom.com.br\/site\/wp-json\/wp\/v2\/posts\/162347\/revisions\/162349"}],"wp:featuredmedia":[{"embeddable":true,"href":"http:\/\/mspontocom.com.br\/site\/wp-json\/wp\/v2\/media\/162348"}],"wp:attachment":[{"href":"http:\/\/mspontocom.com.br\/site\/wp-json\/wp\/v2\/media?parent=162347"}],"wp:term":[{"taxonomy":"category","embeddable":true,"href":"http:\/\/mspontocom.com.br\/site\/wp-json\/wp\/v2\/categories?post=162347"},{"taxonomy":"post_tag","embeddable":true,"href":"http:\/\/mspontocom.com.br\/site\/wp-json\/wp\/v2\/tags?post=162347"}],"curies":[{"name":"wp","href":"https:\/\/api.w.org\/{rel}","templated":true}]}}