{"id":162363,"date":"2021-08-04T12:48:04","date_gmt":"2021-08-04T16:48:04","guid":{"rendered":"https:\/\/mspontocom.com.br\/site\/?p=162363"},"modified":"2021-08-04T07:53:04","modified_gmt":"2021-08-04T11:53:04","slug":"furnas-lanca-edital-para-investimento-em-projetos-socioambientais","status":"publish","type":"post","link":"http:\/\/mspontocom.com.br\/site\/furnas-lanca-edital-para-investimento-em-projetos-socioambientais\/","title":{"rendered":"FURNAS lan\u00e7a edital para investimento em projetos socioambientais"},"content":{"rendered":"<p style=\"text-align: justify;\"><img loading=\"lazy\" class=\"alignnone size-full wp-image-162364\" src=\"https:\/\/mspontocom.com.br\/site\/wp-content\/uploads\/2021\/08\/site-furnas-lanca-edital-para-investimento-em-projetos-socioambientais-furnas.jpg\" alt=\"\" width=\"770\" height=\"512\" srcset=\"http:\/\/mspontocom.com.br\/site\/wp-content\/uploads\/2021\/08\/site-furnas-lanca-edital-para-investimento-em-projetos-socioambientais-furnas.jpg 770w, http:\/\/mspontocom.com.br\/site\/wp-content\/uploads\/2021\/08\/site-furnas-lanca-edital-para-investimento-em-projetos-socioambientais-furnas-260x173.jpg 260w, http:\/\/mspontocom.com.br\/site\/wp-content\/uploads\/2021\/08\/site-furnas-lanca-edital-para-investimento-em-projetos-socioambientais-furnas-768x511.jpg 768w\" sizes=\"(max-width: 770px) 100vw, 770px\" \/>FURNAS lan\u00e7ou, nesta ter\u00e7a-feira (3\/8), o primeiro Edital Socioambiental que beneficiar\u00e1 organiza\u00e7\u00f5es sem fins lucrativos sediadas em mais de 500 munic\u00edpios nos quais a empresa est\u00e1 presente.<\/p>\n<p style=\"text-align: justify;\">Ser\u00e1 destinado R$ 1 milh\u00e3o para iniciativas que envolvam a conserva\u00e7\u00e3o da biodiversidade brasileira e dos servi\u00e7os ecossist\u00eamicos, promovendo a redu\u00e7\u00e3o das desigualdades e o desenvolvimento sustent\u00e1vel de comunidades em situa\u00e7\u00e3o de vulnerabilidade socioecon\u00f4mica.<\/p>\n<p style=\"text-align: justify;\">As institui\u00e7\u00f5es beneficiadas poder\u00e3o receber at\u00e9 R$ 200 mil por projetos que unam prote\u00e7\u00e3o do meio ambiente e impacto social nas localidades em que ser\u00e3o executados.<\/p>\n<p style=\"text-align: justify;\"><strong>Crit\u00e9rios para inscri\u00e7\u00e3o<\/strong><\/p>\n<p style=\"text-align: justify;\">Podem se inscrever no Edital Socioambiental 2021 somente Organiza\u00e7\u00f5es da Sociedade Civil (OSCs), ou seja, pessoas jur\u00eddicas de direito privado sem fins lucrativos \u2013 funda\u00e7\u00f5es ou associa\u00e7\u00f5es \u2013 constitu\u00eddas sob as leis brasileiras, que tenham sua sede e administra\u00e7\u00e3o no pa\u00eds e objeto social compat\u00edvel com a atividade a ser efetuada no projeto inscrito.<\/p>\n<p style=\"text-align: justify;\">As inscri\u00e7\u00f5es ser\u00e3o efetuadas exclusivamente pela internet, no per\u00edodo de 3 de agosto \u00e0s 18 horas do dia 3 de setembro de 2021, no endere\u00e7o eletr\u00f4nico\u00a0<a href=\"https:\/\/www.furnassocioambiental.prosas.com.br\/\" target=\"_blank\" rel=\"noopener\" data-saferedirecturl=\"https:\/\/www.google.com\/url?q=https:\/\/www.furnassocioambiental.prosas.com.br&amp;source=gmail&amp;ust=1628155858320000&amp;usg=AFQjCNG809IEgcVRi7ky-SYYJDoCxteS_Q\">www.furnassocioambiental.<wbr \/>prosas.com.br<\/a>\u00a0.<\/p>\n<p style=\"text-align: justify;\">O resultado ser\u00e1 divulgado no dia 17\/09\/21 no site de FURNAS (<a href=\"https:\/\/www.furnas.com.br\/\" target=\"_blank\" rel=\"noopener\" data-saferedirecturl=\"https:\/\/www.google.com\/url?q=https:\/\/www.furnas.com.br&amp;source=gmail&amp;ust=1628155858320000&amp;usg=AFQjCNE-8TBleyySBAA8prkpPYcPUb1bTg\">www.furnas.com.br<\/a>), na plataforma Prosas (<a href=\"https:\/\/www.prosas.com.br\/\" target=\"_blank\" rel=\"noopener\" data-saferedirecturl=\"https:\/\/www.google.com\/url?q=https:\/\/www.prosas.com.br&amp;source=gmail&amp;ust=1628155858320000&amp;usg=AFQjCNE5GYRkSteWN9JDNF5Wuy25pIREFQ\">www.prosas.com.br<\/a>) e no Di\u00e1rio Oficial da Uni\u00e3o.<\/p>\n<p style=\"text-align: justify;\"><strong>Sobre FURNAS<\/strong><\/p>\n<p style=\"text-align: justify;\">FURNAS \u00e9 uma sociedade de economia mista, subsidi\u00e1ria da Eletrobras e vinculada ao Minist\u00e9rio de Minas e Energia.<\/p>\n","protected":false},"excerpt":{"rendered":"<p>As institui\u00e7\u00f5es beneficiadas poder\u00e3o receber at\u00e9 R$ 200 mil por projetos<\/p>\n","protected":false},"author":2,"featured_media":162364,"comment_status":"open","ping_status":"open","sticky":false,"template":"","format":"standard","meta":{"_monsterinsights_skip_tracking":false,"_monsterinsights_sitenote_active":false,"_monsterinsights_sitenote_note":"","_monsterinsights_sitenote_category":0},"categories":[15],"tags":[125,22034,813,37830],"aioseo_notices":[],"_links":{"self":[{"href":"http:\/\/mspontocom.com.br\/site\/wp-json\/wp\/v2\/posts\/162363"}],"collection":[{"href":"http:\/\/mspontocom.com.br\/site\/wp-json\/wp\/v2\/posts"}],"about":[{"href":"http:\/\/mspontocom.com.br\/site\/wp-json\/wp\/v2\/types\/post"}],"author":[{"embeddable":true,"href":"http:\/\/mspontocom.com.br\/site\/wp-json\/wp\/v2\/users\/2"}],"replies":[{"embeddable":true,"href":"http:\/\/mspontocom.com.br\/site\/wp-json\/wp\/v2\/comments?post=162363"}],"version-history":[{"count":1,"href":"http:\/\/mspontocom.com.br\/site\/wp-json\/wp\/v2\/posts\/162363\/revisions"}],"predecessor-version":[{"id":162365,"href":"http:\/\/mspontocom.com.br\/site\/wp-json\/wp\/v2\/posts\/162363\/revisions\/162365"}],"wp:featuredmedia":[{"embeddable":true,"href":"http:\/\/mspontocom.com.br\/site\/wp-json\/wp\/v2\/media\/162364"}],"wp:attachment":[{"href":"http:\/\/mspontocom.com.br\/site\/wp-json\/wp\/v2\/media?parent=162363"}],"wp:term":[{"taxonomy":"category","embeddable":true,"href":"http:\/\/mspontocom.com.br\/site\/wp-json\/wp\/v2\/categories?post=162363"},{"taxonomy":"post_tag","embeddable":true,"href":"http:\/\/mspontocom.com.br\/site\/wp-json\/wp\/v2\/tags?post=162363"}],"curies":[{"name":"wp","href":"https:\/\/api.w.org\/{rel}","templated":true}]}}