{"id":162592,"date":"2021-08-12T12:48:17","date_gmt":"2021-08-12T16:48:17","guid":{"rendered":"https:\/\/mspontocom.com.br\/site\/?p=162592"},"modified":"2021-08-12T09:12:59","modified_gmt":"2021-08-12T13:12:59","slug":"manifesto-empresarial-pede-reforma-tributaria-mais-ampla","status":"publish","type":"post","link":"http:\/\/mspontocom.com.br\/site\/manifesto-empresarial-pede-reforma-tributaria-mais-ampla\/","title":{"rendered":"Manifesto empresarial pede reforma tribut\u00e1ria mais ampla"},"content":{"rendered":"<p style=\"text-align: justify;\"><img loading=\"lazy\" class=\"alignnone size-full wp-image-162616\" src=\"https:\/\/mspontocom.com.br\/site\/wp-content\/uploads\/2021\/08\/site-manifesto-pede-reforma-tributaria-mais-ampla-reforma.jpg\" alt=\"\" width=\"870\" height=\"450\" srcset=\"http:\/\/mspontocom.com.br\/site\/wp-content\/uploads\/2021\/08\/site-manifesto-pede-reforma-tributaria-mais-ampla-reforma.jpg 870w, http:\/\/mspontocom.com.br\/site\/wp-content\/uploads\/2021\/08\/site-manifesto-pede-reforma-tributaria-mais-ampla-reforma-260x134.jpg 260w, http:\/\/mspontocom.com.br\/site\/wp-content\/uploads\/2021\/08\/site-manifesto-pede-reforma-tributaria-mais-ampla-reforma-768x397.jpg 768w\" sizes=\"(max-width: 870px) 100vw, 870px\" \/>Entidades da ind\u00fastria, dos secret\u00e1rios de Fazenda dos Estados, do Fisco, organiza\u00e7\u00f5es da sociedade civil e movimentos sociais entregaram o \u201cManifesto em Defesa de uma Reforma Tribut\u00e1ria Ampla e Justa\u201d no Senado.<\/p>\n<p style=\"text-align: justify;\">No texto, eles pedem uma reforma completa dos tributos sobre o consumo de bens e servi\u00e7os.<\/p>\n<p style=\"text-align: justify;\">O documento cita as distor\u00e7\u00f5es que tornam o modelo tribut\u00e1rio brasileiro ineficiente e destaca a urg\u00eancia da uma reforma completa, incluindo os tributos federais (PIS, Cofins e IPI), estadual (ICMS) e municipal (ISS).<\/p>\n<p style=\"text-align: justify;\">As institui\u00e7\u00f5es que assinam o manifesto s\u00e3o contr\u00e1rias \u00e0 reforma tribut\u00e1ria fatiada que vem sendo proposta.<\/p>\n<p style=\"text-align: justify;\">O presidente da C\u00e2mara, Arthur Lira (PP-AL), previu para hoje vota\u00e7\u00e3o da proposta que faz altera\u00e7\u00f5es no Imposto de Renda.<\/p>\n<p style=\"text-align: justify;\">\n<p style=\"text-align: justify;\">fonte: Congresso em Foco<\/p>\n","protected":false},"excerpt":{"rendered":"<p>Entidades da ind\u00fastria, dos secret\u00e1rios de Fazenda dos Estados, do Fisco, organiza\u00e7\u00f5es da sociedade civil e movimentos sociais entregaram o \u201cManifesto em Defesa de uma Reforma Tribut\u00e1ria Ampla e Justa\u201d no Senado. No texto, eles pedem uma reforma completa dos tributos sobre o consumo de bens e servi\u00e7os. O documento cita as distor\u00e7\u00f5es que tornam [&hellip;]<\/p>\n","protected":false},"author":2,"featured_media":162616,"comment_status":"open","ping_status":"open","sticky":false,"template":"","format":"standard","meta":{"_monsterinsights_skip_tracking":false,"_monsterinsights_sitenote_active":false,"_monsterinsights_sitenote_note":"","_monsterinsights_sitenote_category":0},"categories":[15,1],"tags":[],"aioseo_notices":[],"_links":{"self":[{"href":"http:\/\/mspontocom.com.br\/site\/wp-json\/wp\/v2\/posts\/162592"}],"collection":[{"href":"http:\/\/mspontocom.com.br\/site\/wp-json\/wp\/v2\/posts"}],"about":[{"href":"http:\/\/mspontocom.com.br\/site\/wp-json\/wp\/v2\/types\/post"}],"author":[{"embeddable":true,"href":"http:\/\/mspontocom.com.br\/site\/wp-json\/wp\/v2\/users\/2"}],"replies":[{"embeddable":true,"href":"http:\/\/mspontocom.com.br\/site\/wp-json\/wp\/v2\/comments?post=162592"}],"version-history":[{"count":2,"href":"http:\/\/mspontocom.com.br\/site\/wp-json\/wp\/v2\/posts\/162592\/revisions"}],"predecessor-version":[{"id":162617,"href":"http:\/\/mspontocom.com.br\/site\/wp-json\/wp\/v2\/posts\/162592\/revisions\/162617"}],"wp:featuredmedia":[{"embeddable":true,"href":"http:\/\/mspontocom.com.br\/site\/wp-json\/wp\/v2\/media\/162616"}],"wp:attachment":[{"href":"http:\/\/mspontocom.com.br\/site\/wp-json\/wp\/v2\/media?parent=162592"}],"wp:term":[{"taxonomy":"category","embeddable":true,"href":"http:\/\/mspontocom.com.br\/site\/wp-json\/wp\/v2\/categories?post=162592"},{"taxonomy":"post_tag","embeddable":true,"href":"http:\/\/mspontocom.com.br\/site\/wp-json\/wp\/v2\/tags?post=162592"}],"curies":[{"name":"wp","href":"https:\/\/api.w.org\/{rel}","templated":true}]}}