{"id":162849,"date":"2021-08-21T07:25:57","date_gmt":"2021-08-21T11:25:57","guid":{"rendered":"https:\/\/mspontocom.com.br\/site\/?p=162849"},"modified":"2021-08-21T07:25:57","modified_gmt":"2021-08-21T11:25:57","slug":"bolsonaro-vai-sancionar-que-familias-de-baixa-renda-paguem-menos-pela-energia-eletrica","status":"publish","type":"post","link":"http:\/\/mspontocom.com.br\/site\/bolsonaro-vai-sancionar-que-familias-de-baixa-renda-paguem-menos-pela-energia-eletrica\/","title":{"rendered":"Bolsonaro vai sancionar que fam\u00edlias de baixa renda paguem menos pela energia el\u00e9trica"},"content":{"rendered":"<p style=\"text-align: justify;\"><img loading=\"lazy\" class=\"alignnone size-full wp-image-162850\" src=\"https:\/\/mspontocom.com.br\/site\/wp-content\/uploads\/2021\/08\/site-bolsonaro-familias-de-baixa-renda-vao-pagar-menos-pela-energia-eletrica-lampada1.jpg\" alt=\"\" width=\"430\" height=\"243\" srcset=\"http:\/\/mspontocom.com.br\/site\/wp-content\/uploads\/2021\/08\/site-bolsonaro-familias-de-baixa-renda-vao-pagar-menos-pela-energia-eletrica-lampada1.jpg 430w, http:\/\/mspontocom.com.br\/site\/wp-content\/uploads\/2021\/08\/site-bolsonaro-familias-de-baixa-renda-vao-pagar-menos-pela-energia-eletrica-lampada1-260x147.jpg 260w\" sizes=\"(max-width: 430px) 100vw, 430px\" \/><\/p>\n<p style=\"text-align: justify;\">As fam\u00edlias com menor renda e que est\u00e3o cadastradas em programas sociais v\u00e3o pagar menos pela energia el\u00e9trica.<\/p>\n<p style=\"text-align: justify;\">Isso porque o Plen\u00e1rio da C\u00e2mara dos Deputados aprovou na \u00faltima quinta-feira (19) o <strong><a href=\"https:\/\/www.camara.leg.br\/noticias\/652957-CAMARA-APROVA-INCLUSAO-AUTOMATICA-DE-FAMILIAS-DE-BAIXA-RENDA-NA-TARIFA-SOCIAL-DE-LUZ\">Projeto de Lei 1106\/20<\/a><\/strong>, que simplifica a inscri\u00e7\u00e3o no programa de Tarifa Social de Energia El\u00e9trica.<\/p>\n<p style=\"text-align: justify;\"><strong>A proposta j\u00e1 foi aprovada no Senado Federal e agora segue para aprova\u00e7\u00e3o do presidente Jair Bolsonaro.\u00a0<\/strong><\/p>\n<p style=\"text-align: justify;\">\nDe acordo com o projeto, o Poder Executivo, as concession\u00e1rias, as permission\u00e1rias e autorizadas de servi\u00e7o p\u00fablico de distribui\u00e7\u00e3o e energia el\u00e9trica ficam obrigados a inscrever automaticamente os integrantes do Cadastro \u00danico de programas sociais do governo federal na Tarifa Social de Energia El\u00e9trica. Para isso, o governo federal precisa manter o cadastro atualizado.<\/p>\n<p style=\"text-align: justify;\">A tarifa social de energia est\u00e1 destinada \u00e0s fam\u00edlias inscritas no Cadastro \u00danico que tenham renda mensal per capita menor ou igual a meio sal\u00e1rio m\u00ednimo. Tamb\u00e9m t\u00eam direito \u00e0s fam\u00edlias que possuam entre seus integrantes quem receba o benef\u00edcio de presta\u00e7\u00e3o continuada da assist\u00eancia social (BPC).<\/p>\n<p style=\"text-align: justify;\">\n<p>Fonte: <a href=\"https:\/\/brasil61.com\/n\/familias-de-baixa-renda-vao-pagar-menos-pela-energia-eletrica-bras216017\" target=\"_blank\" rel=\"noopener\">Brasil 61<\/a><\/p>\n","protected":false},"excerpt":{"rendered":"<p>As fam\u00edlias com menor renda e que est\u00e3o cadastradas em programas sociais v\u00e3o pagar menos pela energia el\u00e9trica. Isso porque o Plen\u00e1rio da C\u00e2mara dos Deputados aprovou na \u00faltima quinta-feira (19) o Projeto de Lei 1106\/20, que simplifica a inscri\u00e7\u00e3o no programa de Tarifa Social de Energia El\u00e9trica. A proposta j\u00e1 foi aprovada no Senado [&hellip;]<\/p>\n","protected":false},"author":2,"featured_media":162850,"comment_status":"open","ping_status":"open","sticky":false,"template":"","format":"standard","meta":{"_monsterinsights_skip_tracking":false,"_monsterinsights_sitenote_active":false,"_monsterinsights_sitenote_note":"","_monsterinsights_sitenote_category":0},"categories":[15],"tags":[],"aioseo_notices":[],"_links":{"self":[{"href":"http:\/\/mspontocom.com.br\/site\/wp-json\/wp\/v2\/posts\/162849"}],"collection":[{"href":"http:\/\/mspontocom.com.br\/site\/wp-json\/wp\/v2\/posts"}],"about":[{"href":"http:\/\/mspontocom.com.br\/site\/wp-json\/wp\/v2\/types\/post"}],"author":[{"embeddable":true,"href":"http:\/\/mspontocom.com.br\/site\/wp-json\/wp\/v2\/users\/2"}],"replies":[{"embeddable":true,"href":"http:\/\/mspontocom.com.br\/site\/wp-json\/wp\/v2\/comments?post=162849"}],"version-history":[{"count":1,"href":"http:\/\/mspontocom.com.br\/site\/wp-json\/wp\/v2\/posts\/162849\/revisions"}],"predecessor-version":[{"id":162851,"href":"http:\/\/mspontocom.com.br\/site\/wp-json\/wp\/v2\/posts\/162849\/revisions\/162851"}],"wp:featuredmedia":[{"embeddable":true,"href":"http:\/\/mspontocom.com.br\/site\/wp-json\/wp\/v2\/media\/162850"}],"wp:attachment":[{"href":"http:\/\/mspontocom.com.br\/site\/wp-json\/wp\/v2\/media?parent=162849"}],"wp:term":[{"taxonomy":"category","embeddable":true,"href":"http:\/\/mspontocom.com.br\/site\/wp-json\/wp\/v2\/categories?post=162849"},{"taxonomy":"post_tag","embeddable":true,"href":"http:\/\/mspontocom.com.br\/site\/wp-json\/wp\/v2\/tags?post=162849"}],"curies":[{"name":"wp","href":"https:\/\/api.w.org\/{rel}","templated":true}]}}