{"id":163068,"date":"2021-08-27T13:04:22","date_gmt":"2021-08-27T17:04:22","guid":{"rendered":"https:\/\/mspontocom.com.br\/site\/?p=163068"},"modified":"2021-08-27T10:20:51","modified_gmt":"2021-08-27T14:20:51","slug":"embrapii-lanca-livro-que-retrata-iniciativas-para-desenvolver-a-inovacao-industrial","status":"publish","type":"post","link":"http:\/\/mspontocom.com.br\/site\/embrapii-lanca-livro-que-retrata-iniciativas-para-desenvolver-a-inovacao-industrial\/","title":{"rendered":"EMBRAPII lan\u00e7a livro que retrata iniciativas para desenvolver a inova\u00e7\u00e3o industrial"},"content":{"rendered":"<p style=\"text-align: justify;\"><img loading=\"lazy\" class=\"alignnone size-full wp-image-163069\" src=\"https:\/\/mspontocom.com.br\/site\/wp-content\/uploads\/2021\/08\/site-embrapii-lanca-livro-que-retrata-iniciativas-para-desenvolver-a-inovacao-industrial-embrapi-e1630073924690.png\" alt=\"\" width=\"501\" height=\"390\" srcset=\"http:\/\/mspontocom.com.br\/site\/wp-content\/uploads\/2021\/08\/site-embrapii-lanca-livro-que-retrata-iniciativas-para-desenvolver-a-inovacao-industrial-embrapi-e1630073924690.png 501w, http:\/\/mspontocom.com.br\/site\/wp-content\/uploads\/2021\/08\/site-embrapii-lanca-livro-que-retrata-iniciativas-para-desenvolver-a-inovacao-industrial-embrapi-e1630073924690-260x202.png 260w\" sizes=\"(max-width: 501px) 100vw, 501px\" \/><\/p>\n<p style=\"text-align: justify;\">A EMBRAPII lan\u00e7a livro que retrata iniciativas para desenvolver a inova\u00e7\u00e3o industrial no pa\u00eds.<\/p>\n<p style=\"text-align: justify;\">\u00a0\u201c<em>EMBRAPII: 6 anos de incentivo \u00e0 pesquisa e inova\u00e7\u00e3o brasileira<\/em>\u201d, \u00e9 a publica\u00e7\u00e3o comemorativa de anivers\u00e1rio da entidade.<\/p>\n<p style=\"text-align: justify;\">O livro traz, em suas 88 p\u00e1ginas, a atua\u00e7\u00e3o da EMBRAPII nos mais variados segmentos do setor produtivo, como agroneg\u00f3cio, tecnologia da informa\u00e7\u00e3o, manufatura 4.0, sa\u00fade, sustentabilidade, automotivo, entre outros.<\/p>\n<p style=\"text-align: justify;\">Diversas autoridades e representantes da ind\u00fastria participaram da publica\u00e7\u00e3o, contanto como foi a EMBRAPII tem contribu\u00eddo para tornar as empresas nacionais mais competitivas e inovadoras.<\/p>\n<p style=\"text-align: justify;\">Acesse a vers\u00e3o digital\u00a0<a href=\"https:\/\/gateway.pr.comunique-se.com.br\/api\/Campaign\/AddCampaignEmailClick\/e844fa70-db99-45a4-f43d-08d95da514fd\/https%253a%252f%252fembrapii.org.br%252fwp-content%252fimages%252f2021%252f08%252flivro-seis-anos-embrapii_10jun-em-baixa.pdf\/3a62c3e8-195a-4a2c-fc4a-08d7c5ff26d1\/mspontocom@gmail.com\/True\" target=\"_blank\" rel=\"noopener noreferrer\" data-saferedirecturl=\"https:\/\/www.google.com\/url?q=https:\/\/gateway.pr.comunique-se.com.br\/api\/Campaign\/AddCampaignEmailClick\/e844fa70-db99-45a4-f43d-08d95da514fd\/https%25253a%25252f%25252fembrapii.org.br%25252fwp-content%25252fimages%25252f2021%25252f08%25252flivro-seis-anos-embrapii_10jun-em-baixa.pdf\/3a62c3e8-195a-4a2c-fc4a-08d7c5ff26d1\/mspontocom@gmail.com\/True&amp;source=gmail&amp;ust=1630158470555000&amp;usg=AFQjCNH3yeVm37V7fRJ-Pm9k_MWeWOUwWg\">aqui<\/a>.<\/p>\n<p style=\"text-align: justify;\"><strong>Sobre a EMBRAPII<\/strong><\/p>\n<p style=\"text-align: justify;\">A EMBRAPII \u00e9 uma organiza\u00e7\u00e3o social que tem contrato de gest\u00e3o com o Minist\u00e9rio da Ci\u00eancia, Tecnologia e Inova\u00e7\u00f5es (MCTI), Educa\u00e7\u00e3o (MEC) e Sa\u00fade. Atua por meio da coopera\u00e7\u00e3o com institui\u00e7\u00f5es de pesquisa cient\u00edfica e tecnol\u00f3gica, p\u00fablicas ou privadas, tendo como foco as demandas empresariais<\/p>\n","protected":false},"excerpt":{"rendered":"<p>A EMBRAPII lan\u00e7a livro que retrata iniciativas para desenvolver a inova\u00e7\u00e3o industrial no pa\u00eds. \u00a0\u201cEMBRAPII: 6 anos de incentivo \u00e0 pesquisa e inova\u00e7\u00e3o brasileira\u201d, \u00e9 a publica\u00e7\u00e3o comemorativa de anivers\u00e1rio da entidade. O livro traz, em suas 88 p\u00e1ginas, a atua\u00e7\u00e3o da EMBRAPII nos mais variados segmentos do setor produtivo, como agroneg\u00f3cio, tecnologia da informa\u00e7\u00e3o, [&hellip;]<\/p>\n","protected":false},"author":2,"featured_media":163069,"comment_status":"open","ping_status":"open","sticky":false,"template":"","format":"standard","meta":{"_monsterinsights_skip_tracking":false,"_monsterinsights_sitenote_active":false,"_monsterinsights_sitenote_note":"","_monsterinsights_sitenote_category":0},"categories":[15],"tags":[],"aioseo_notices":[],"_links":{"self":[{"href":"http:\/\/mspontocom.com.br\/site\/wp-json\/wp\/v2\/posts\/163068"}],"collection":[{"href":"http:\/\/mspontocom.com.br\/site\/wp-json\/wp\/v2\/posts"}],"about":[{"href":"http:\/\/mspontocom.com.br\/site\/wp-json\/wp\/v2\/types\/post"}],"author":[{"embeddable":true,"href":"http:\/\/mspontocom.com.br\/site\/wp-json\/wp\/v2\/users\/2"}],"replies":[{"embeddable":true,"href":"http:\/\/mspontocom.com.br\/site\/wp-json\/wp\/v2\/comments?post=163068"}],"version-history":[{"count":1,"href":"http:\/\/mspontocom.com.br\/site\/wp-json\/wp\/v2\/posts\/163068\/revisions"}],"predecessor-version":[{"id":163070,"href":"http:\/\/mspontocom.com.br\/site\/wp-json\/wp\/v2\/posts\/163068\/revisions\/163070"}],"wp:featuredmedia":[{"embeddable":true,"href":"http:\/\/mspontocom.com.br\/site\/wp-json\/wp\/v2\/media\/163069"}],"wp:attachment":[{"href":"http:\/\/mspontocom.com.br\/site\/wp-json\/wp\/v2\/media?parent=163068"}],"wp:term":[{"taxonomy":"category","embeddable":true,"href":"http:\/\/mspontocom.com.br\/site\/wp-json\/wp\/v2\/categories?post=163068"},{"taxonomy":"post_tag","embeddable":true,"href":"http:\/\/mspontocom.com.br\/site\/wp-json\/wp\/v2\/tags?post=163068"}],"curies":[{"name":"wp","href":"https:\/\/api.w.org\/{rel}","templated":true}]}}