{"id":163168,"date":"2021-08-31T08:54:04","date_gmt":"2021-08-31T12:54:04","guid":{"rendered":"https:\/\/mspontocom.com.br\/site\/?p=163168"},"modified":"2021-08-31T08:58:38","modified_gmt":"2021-08-31T12:58:38","slug":"fipe-lanca-ciclo-de-cursos-livres-sobre-politica-brasileira","status":"publish","type":"post","link":"http:\/\/mspontocom.com.br\/site\/fipe-lanca-ciclo-de-cursos-livres-sobre-politica-brasileira\/","title":{"rendered":"Fipe lan\u00e7a ciclo de cursos livres sobre pol\u00edtica brasileira"},"content":{"rendered":"<p style=\"text-align: justify;\"><img loading=\"lazy\" class=\"alignnone size-full wp-image-163173\" src=\"https:\/\/mspontocom.com.br\/site\/wp-content\/uploads\/2021\/08\/site-fipe-lanca-ciclo-de-cursos-livres-sobre-politica-brasileira-fipe-e1630410392950.jpg\" alt=\"\" width=\"594\" height=\"410\" srcset=\"http:\/\/mspontocom.com.br\/site\/wp-content\/uploads\/2021\/08\/site-fipe-lanca-ciclo-de-cursos-livres-sobre-politica-brasileira-fipe-e1630410392950.jpg 594w, http:\/\/mspontocom.com.br\/site\/wp-content\/uploads\/2021\/08\/site-fipe-lanca-ciclo-de-cursos-livres-sobre-politica-brasileira-fipe-e1630410392950-260x179.jpg 260w\" sizes=\"(max-width: 594px) 100vw, 594px\" \/><\/p>\n<p style=\"text-align: justify;\">A Fipe (Funda\u00e7\u00e3o Instituto de Pesquisas Econ\u00f4micas), junto com o Movimento Voto Consciente, abriu inscri\u00e7\u00f5es para o ciclo \u201cPol\u00edtica Brasileira \u2013 Desafios para a Compreens\u00e3o de Nossa Democracia\u201d.<\/p>\n<p style=\"text-align: justify;\">A jornada de conhecimento \u00e9 composta de quatro cursos livres de oito horas cada, que ser\u00e3o realizados em outubro e novembro.<\/p>\n<p style=\"text-align: justify;\">O programa visa ampliar a compreens\u00e3o sobre como a din\u00e2mica pol\u00edtica impacta a gest\u00e3o p\u00fablica, o mercado, a economia, o bem-estar e os neg\u00f3cios.<\/p>\n<p style=\"text-align: justify;\"><strong> N\u00e3o h\u00e1 exig\u00eancia de forma\u00e7\u00e3o m\u00ednima ou de idade para participar do ciclo. <\/strong><\/p>\n<p style=\"text-align: justify;\">O interessado pode realizar quantos cursos quiser, recebendo descontos conforme a quantidade escolhida.<\/p>\n<p style=\"text-align: justify;\">Os interessados podem fazer seu cadastro pelo site:\u00a0<a href=\"https:\/\/gateway.pr.comunique-se.com.br\/api\/Campaign\/AddCampaignEmailClick\/2eb28951-5cd0-442c-276a-08d95da817cc\/https%253a%252f%252fwww.fipe.org.br%252fpt-br%252fensino%252fcontas-publicas%252f\/3a62c3e8-195a-4a2c-fc4a-08d7c5ff26d1\/mspontocom@gmail.com\/True\" target=\"_blank\" rel=\"noopener noreferrer\" data-saferedirecturl=\"https:\/\/www.google.com\/url?q=https:\/\/gateway.pr.comunique-se.com.br\/api\/Campaign\/AddCampaignEmailClick\/2eb28951-5cd0-442c-276a-08d95da817cc\/https%25253a%25252f%25252fwww.fipe.org.br%25252fpt-br%25252fensino%25252fcontas-publicas%25252f\/3a62c3e8-195a-4a2c-fc4a-08d7c5ff26d1\/mspontocom@gmail.com\/True&amp;source=gmail&amp;ust=1630490221719000&amp;usg=AFQjCNFiV89biUfEYKBB90azgqMQZUGajw\">https:\/\/www.fipe.org.br\/pt-br\/<wbr \/>ensino\/contas-publicas\/#<\/a>. Mais informa\u00e7\u00f5es por e-mail (<a href=\"mailto:cursos@fipe.org.br\" target=\"_blank\" rel=\"noopener\">cursos@fipe.org.br<\/a>) ou pelo WhatsApp Business (11) 3289.0813 ou (11) 3284.1624.<\/p>\n<p style=\"text-align: justify;\"><strong>Sobre a Fipe:<\/strong><\/p>\n<p style=\"text-align: justify;\">Criada em 1973, a Fipe (Funda\u00e7\u00e3o Instituto de Pesquisas Econ\u00f4micas) \u00e9 uma organiza\u00e7\u00e3o de direito privado, sem fins lucrativos, formada por equipes de profissionais especializados e com larga experi\u00eancia nas \u00e1reas de ensino, pesquisas e extens\u00e3o.<\/p>\n","protected":false},"excerpt":{"rendered":"<p>A Fipe (Funda\u00e7\u00e3o Instituto de Pesquisas Econ\u00f4micas), junto com o Movimento Voto Consciente, abriu inscri\u00e7\u00f5es para o ciclo \u201cPol\u00edtica Brasileira \u2013 Desafios para a Compreens\u00e3o de Nossa Democracia\u201d. A jornada de conhecimento \u00e9 composta de quatro cursos livres de oito horas cada, que ser\u00e3o realizados em outubro e novembro. O programa visa ampliar a compreens\u00e3o [&hellip;]<\/p>\n","protected":false},"author":2,"featured_media":163173,"comment_status":"open","ping_status":"open","sticky":false,"template":"","format":"standard","meta":{"_monsterinsights_skip_tracking":false,"_monsterinsights_sitenote_active":false,"_monsterinsights_sitenote_note":"","_monsterinsights_sitenote_category":0},"categories":[15,12],"tags":[],"aioseo_notices":[],"_links":{"self":[{"href":"http:\/\/mspontocom.com.br\/site\/wp-json\/wp\/v2\/posts\/163168"}],"collection":[{"href":"http:\/\/mspontocom.com.br\/site\/wp-json\/wp\/v2\/posts"}],"about":[{"href":"http:\/\/mspontocom.com.br\/site\/wp-json\/wp\/v2\/types\/post"}],"author":[{"embeddable":true,"href":"http:\/\/mspontocom.com.br\/site\/wp-json\/wp\/v2\/users\/2"}],"replies":[{"embeddable":true,"href":"http:\/\/mspontocom.com.br\/site\/wp-json\/wp\/v2\/comments?post=163168"}],"version-history":[{"count":2,"href":"http:\/\/mspontocom.com.br\/site\/wp-json\/wp\/v2\/posts\/163168\/revisions"}],"predecessor-version":[{"id":163174,"href":"http:\/\/mspontocom.com.br\/site\/wp-json\/wp\/v2\/posts\/163168\/revisions\/163174"}],"wp:featuredmedia":[{"embeddable":true,"href":"http:\/\/mspontocom.com.br\/site\/wp-json\/wp\/v2\/media\/163173"}],"wp:attachment":[{"href":"http:\/\/mspontocom.com.br\/site\/wp-json\/wp\/v2\/media?parent=163168"}],"wp:term":[{"taxonomy":"category","embeddable":true,"href":"http:\/\/mspontocom.com.br\/site\/wp-json\/wp\/v2\/categories?post=163168"},{"taxonomy":"post_tag","embeddable":true,"href":"http:\/\/mspontocom.com.br\/site\/wp-json\/wp\/v2\/tags?post=163168"}],"curies":[{"name":"wp","href":"https:\/\/api.w.org\/{rel}","templated":true}]}}